{"id":13223,"date":"2016-01-20T23:00:00","date_gmt":"2016-01-20T22:00:00","guid":{"rendered":"https:\/\/aaroiemac.cloud\/notizie\/?p=13223"},"modified":"2020-07-15T17:01:48","modified_gmt":"2020-07-15T15:01:48","slug":"vertenza-sanita-sciopero-nazionale-di-48-ore-giovedi-17-e-venerdi-18-marzo","status":"publish","type":"post","link":"https:\/\/www.aaroiemac.it\/notizie\/?p=13223","title":{"rendered":"Vertenza Sanit\u00e0: Sciopero Nazionale di 48 ore, Gioved\u00ec 17 e Venerd\u00ec 18 Marzo"},"content":{"rendered":"<p style=\"text-align: justify;\">Le Organizzazioni sindacali ANAAO ASSOMED &#8211; CIMO &#8211; AAROI-EMAC &#8211; FP CGIL MEDICI-STPA &ndash; FVM &ndash; FASSID (AIPAC-AUPI-SIMET-SINAFO-SNR) &ndash; CISL MEDICI &ndash; FESMED &ndash; ANPO-ASCOTI-FIALS MEDICI &#8211; UIL FPL MEDICI &ndash; UGL MEDICI &#8211; FIMMG &ndash; SUMAI &#8211; SNAMI &ndash; SMI &ndash; INTESA SINDACALE (CISL MEDICIFP CGIL MEDICI-SIMET-SUMAI) &ndash; FESPA &ndash; FIMP &ndash; CIPE &ndash; ANDI &#8211; ASSOMED SIVEMP &ndash; SBV, in rappresentanza di 250 mila medici, dipendenti e convenzionati, liberi professionisti e specialisti ambulatoriali, pediatri, medici veterinari, dirigenti sanitari<\/p>\n<p style=\"text-align: center;\"><strong><span style=\"color: #ff0000;\">DICHIARANO 48 ORE DI SCIOPERO GENERALE <\/span><\/strong><br \/><strong><span style=\"color: #ff0000;\">GIOVEDI 17 E VENERDI 18 MARZO 2016 <\/span><\/strong><\/p>\n<p style=\"text-align: justify;\">La VERTENZA SANITA&rsquo; non si ferma, visto che dopo lo sciopero del 16 dicembre 2015, nessuno dei problemi alla base della protesta ha trovato soluzione, n&eacute; tantomeno il Governo ha ritenuto di dover avviare un confronto serio con i professionisti per il rilancio della sanit&agrave; pubblica e la valorizzazione del lavoro di chi quotidianamente garantisce la tutela della salute a milioni di cittadini.<\/p>\n<p style=\"text-align: justify;\">Le organizzazioni sindacali non intendono essere spettatrici del declino inesorabile della sanit&agrave; pubblica sottoposta alla mannaia di continui e pesanti tagli, ma vogliono che entrino a pieno titolo nell&rsquo;agenda della politica italiana le questioni della sua sostenibilit&agrave;, della esigibilit&agrave; del diritto alla salute dei cittadini omogenea tra le Regioni italiane, del ruolo professionale, dirigenziale, formativo dei medici e dei dirigenti sanitari. Il Governo si assuma in pieno le proprie responsabilit&agrave; di fronte ai cittadini italiani ed ai professionisti della sanit&agrave; esplicitando il modello che intende realizzare.<\/p>\n<p style=\"text-align: justify;\">Per sensibilizzare l&rsquo;opinione pubblica e i governi nazionale e locali, la Vertenza sanit&agrave; attraverser&agrave; il Paese con tre manifestazioni interregionali, la prima delle quali si svolger&agrave; a NAPOLI sabato 20 febbraio 2016 coinvolgendo i professionisti e i cittadini delle regioni del sud Italia.<\/p>\n<p style=\"text-align: justify;\">In occasione dello sciopero sar&agrave; contestata nelle sedi competenti ogni illegittima restrizione che Regioni e Aziende tenteranno di applicare, come accaduto lo scorso 16 dicembre.<\/p>\n","protected":false},"excerpt":{"rendered":"<p>La VERTENZA SANITA&rsquo; non si ferma, visto che dopo lo sciopero del 16 dicembre 2015, nessuno dei problemi alla base della protesta ha trovato soluzione, n&eacute; tantomeno il Governo ha ritenuto di dover avviare un confronto serio con i professionisti per il rilancio della sanit&agrave; pubblica e la valorizzazione del lavoro di chi quotidianamente garantisce la tutela della salute a milioni di cittadini.&nbsp;<\/p>\n","protected":false},"author":39501,"featured_media":13224,"comment_status":"closed","ping_status":"closed","sticky":false,"template":"","format":"standard","meta":{"_links_to":"","_links_to_target":""},"categories":[51],"tags":[99],"_links":{"self":[{"href":"https:\/\/www.aaroiemac.it\/notizie\/index.php?rest_route=\/wp\/v2\/posts\/13223"}],"collection":[{"href":"https:\/\/www.aaroiemac.it\/notizie\/index.php?rest_route=\/wp\/v2\/posts"}],"about":[{"href":"https:\/\/www.aaroiemac.it\/notizie\/index.php?rest_route=\/wp\/v2\/types\/post"}],"author":[{"embeddable":true,"href":"https:\/\/www.aaroiemac.it\/notizie\/index.php?rest_route=\/wp\/v2\/users\/39501"}],"replies":[{"embeddable":true,"href":"https:\/\/www.aaroiemac.it\/notizie\/index.php?rest_route=%2Fwp%2Fv2%2Fcomments&post=13223"}],"version-history":[{"count":1,"href":"https:\/\/www.aaroiemac.it\/notizie\/index.php?rest_route=\/wp\/v2\/posts\/13223\/revisions"}],"predecessor-version":[{"id":18189,"href":"https:\/\/www.aaroiemac.it\/notizie\/index.php?rest_route=\/wp\/v2\/posts\/13223\/revisions\/18189"}],"wp:featuredmedia":[{"embeddable":true,"href":"https:\/\/www.aaroiemac.it\/notizie\/index.php?rest_route=\/wp\/v2\/media\/13224"}],"wp:attachment":[{"href":"https:\/\/www.aaroiemac.it\/notizie\/index.php?rest_route=%2Fwp%2Fv2%2Fmedia&parent=13223"}],"wp:term":[{"taxonomy":"category","embeddable":true,"href":"https:\/\/www.aaroiemac.it\/notizie\/index.php?rest_route=%2Fwp%2Fv2%2Fcategories&post=13223"},{"taxonomy":"post_tag","embeddable":true,"href":"https:\/\/www.aaroiemac.it\/notizie\/index.php?rest_route=%2Fwp%2Fv2%2Ftags&post=13223"}],"curies":[{"name":"wp","href":"https:\/\/api.w.org\/{rel}","templated":true}]}}