{"id":15089,"date":"2018-08-28T22:00:00","date_gmt":"2018-08-28T20:00:00","guid":{"rendered":"https:\/\/aaroiemac.cloud\/notizie\/?p=15089"},"modified":"2020-07-16T17:04:41","modified_gmt":"2020-07-16T15:04:41","slug":"carenza-medici-specialisti-disponibili-ad-affrontare-lemergenza-ma-con-regole-chiare-e-la-garanzia-di-una-corretta-programmazione-dei-fabbisogni","status":"publish","type":"post","link":"https:\/\/www.aaroiemac.it\/notizie\/?p=15089","title":{"rendered":"Carenza Medici Specialisti: disponibili ad affrontare l\u2019emergenza ma con regole chiare e la garanzia di una corretta programmazione dei fabbisogni"},"content":{"rendered":"<p style=\"text-align: center;\"><strong><em>Alcune considerazioni che l\u2019AAROI-EMAC presenter\u00e0 al Tavolo Tecnico del Ministero della Salute<\/em><\/strong><\/p>\n<p>In Italia \u2013 ormai \u00e8 un dato di fatto \u2013 la carenza di Medici Specialisti Ospedalieri, tra i quali gli Anestesisti Rianimatori, sta mettendo a rischio i LEA. Alle Organizzazioni Sindacali di categoria oggi viene chiesto di collaborare per una soluzione che nell\u2019immediato possa assicurare ai cittadini che questo rischio sia allontanato ricorrendo all\u2019utilizzo dei medici giunti perlomeno all\u2019ultimo anno di formazione specialistica, quindi non ancora specializzati.<\/p>\n<p><strong>L\u2019emergenza in atto, tuttavia, non deve portare a scelte che ledano i diritti dei pazienti e che mettano a rischio l\u2019operato dei Medici, sia specializzandi sia specialisti<\/strong>. Da questo punto fermo l\u2019AAROI-EMAC partir\u00e0 nell\u2019incontro tecnico al Ministero della Salute previsto per domani sulla carenza di Medici specialisti e sulla formazione post laurea, dove l\u2019Associazione presenter\u00e0 le proprie considerazioni sull\u2019ipotesi di coprire la carenza di specialisti attraverso l\u2019inserimento di specializzandi nel SSN.<\/p>\n<p><em>\u201cLa proposta delle Regioni e del Ministero riguardo all\u2019inserimento dei Medici in Formazione nel Sistema Sanitario Nazionale, cos\u00ec come percepita (in attesa di una stesura scritta) presenterebbe diverse criticit\u00e0, alcune delle quali richiederebbero sostanziali e soprattutto preliminari modifiche legislative\u201d <\/em>sottolinea Alessandro Vergallo, Presidente Nazionale AAROI-EMAC, aggiungendo: <em>\u201cCi vengono date rassicurazioni generiche in merito al proposito che quest\u2019utilizzo non diverrebbe strutturale al SSN, ma resterebbe limitato al periodo di tempo strettamente necessario affinch\u00e9 una programmazione finalmente corretta dei fabbisogni di medici specialisti ospedalieri, una volta avviata, possa colmare le carenze di personale esistenti<\/em>.<br \/>\n<em>L\u2019idea<\/em> <em>non \u00e8 nuova \u2013 <\/em>prosegue Vergallo<em> \u2013. Successivamente all\u2019introduzione \u2013 ormai quasi trent\u2019anni fa \u2013 dell\u2019obbligo di specializzazione per i medici ospedalieri, pi\u00f9 volte negli anni le Istituzioni di governo del SSN, a livello sia centrale sia decentrato, hanno pensato di tamponare in qualche modo gli esiti di una cattiva programmazione dei fabbisogni ospedalieri di personale medico specialista, ottusamente perpetrata per decenni, nonostante tutti gli allarmi e gli appelli lanciati dal mondo sindacale medico. Nel passato pi\u00f9 recente \u2013 correva il 2014 \u2013 addirittura tentando di sdoganare un inquadramento contrattuale dei giovani medici in formazione specialistica allo stesso livello degli infermieri \u201ccaposala\u201d. Il tentativo fall\u00ec, come del resto era prevedibile, per le sue evidenti distorsioni sia ideative sia, ancor peggio, applicative<\/em>\u201d.<\/p>\n<p><strong>Un punto che l\u2019AAROI-EMAC porr\u00e0 a base del confronto di domani 30 Agosto \u2013 anche in quanto pi\u00f9 volte negli anni sottolineato dall\u2019Associazione \u2013 \u00e8 quello specifico degli ambienti e nei contesti ad alta criticit\u00e0 (Sale Operatorie e Terapie Intensive Polivalenti e\/o Specialistiche) in cui \u2013 a garanzia della sicurezza nel percorso diagnostico, clinico, terapeutico e assistenziale \u2013 dovr\u00e0 comunque essere presente, oltre allo specializzando, almeno un Tutor\/Dirigente Medico strutturato<\/strong>. N\u00e9 si ritiene possibile che in tali ambienti e contesti i Medici in formazione possano decidere da soli un percorso clinico-terapeutico specifico sul Paziente senza averlo condiviso, ed in un certo qual modo senza averne avuta autorizzazione, con i Dirigenti medici specialisti della disciplina.<br \/>\n<strong>Occorrerebbe comunque, preliminarmente e con modalit\u00e0 strettamente uniformi su tutto il territorio nazionale, codificare le attivit\u00e0 assistenziali che i Medici in Formazione potrebbero esercitare, secondo il crescente livello di autonomia e responsabilit\u00e0<\/strong>, all\u2019interno delle strutture dei vari Sistemi Sanitari Regionali, senza lasciare che le singole Regioni e financo le singole Aziende Ospedaliere italiane possano ancora una volta dar libero sfogo a fantasie applicative di regole nazionali.&nbsp;<\/p>\n<p>Ma un altro ancora, tanto pi\u00f9 semplice concettualmente quanto pi\u00f9 complicato, forse, da potersi garantire ed applicare, \u00e8 <strong>il punto che per l\u2019AAROI-EMAC \u00e8 irrinunciabile: l\u2019immediato e corretto ricalcolo dei fabbisogni di Medici specialisti, con relativo ed immediato aumento di tutte le Borse di studio che servono nelle discipline che ne hanno bisogno<\/strong>. In assenza di un adeguato ricalcolo, per l\u2019Associazione qualunque soluzione si dimostrerebbe un fallimento gi\u00e0 in partenza.<\/p>\n<p><em>\u201cSebbene esistano diverse criticit\u00e0 e numerose perplessit\u00e0 che riteniamo necessario approfondire<\/em> \u2013 conclude il Presidente AAROI-EMAC \u2013, <em>non \u00e8 nostra intenzione opporci a priori all\u2019ipotesi del Ministero della Salute riguardo all\u2019ingresso dei Medici in Formazione nel SSN, naturalmente anche attraverso il giusto coinvolgimento del mondo accademico cui afferiscono gli ambiti specialistici che la nostra Associazione rappresenta sindacalmente. Tuttavia, se non fossero sciolti i tanti interrogativi e fissate le regole inderogabili che poniamo a base della collaborazione richiesta, per quanto ci compete la strada risulterebbe impercorribile\u201d.<\/em><\/p>\n","protected":false},"excerpt":{"rendered":"<p>Alcune&nbsp;considerazioni che l&rsquo;AAROI-EMAC presenter&agrave; all&acute;incontro con il Ministero della Salute&nbsp;sulla carenza di Medici specialisti e sulla formazione post laurea, previsto per domani 30 Agosto.<\/p>\n","protected":false},"author":39501,"featured_media":15090,"comment_status":"closed","ping_status":"closed","sticky":false,"template":"","format":"standard","meta":{"_links_to":"","_links_to_target":""},"categories":[68],"tags":[103],"_links":{"self":[{"href":"https:\/\/www.aaroiemac.it\/notizie\/index.php?rest_route=\/wp\/v2\/posts\/15089"}],"collection":[{"href":"https:\/\/www.aaroiemac.it\/notizie\/index.php?rest_route=\/wp\/v2\/posts"}],"about":[{"href":"https:\/\/www.aaroiemac.it\/notizie\/index.php?rest_route=\/wp\/v2\/types\/post"}],"author":[{"embeddable":true,"href":"https:\/\/www.aaroiemac.it\/notizie\/index.php?rest_route=\/wp\/v2\/users\/39501"}],"replies":[{"embeddable":true,"href":"https:\/\/www.aaroiemac.it\/notizie\/index.php?rest_route=%2Fwp%2Fv2%2Fcomments&post=15089"}],"version-history":[{"count":1,"href":"https:\/\/www.aaroiemac.it\/notizie\/index.php?rest_route=\/wp\/v2\/posts\/15089\/revisions"}],"predecessor-version":[{"id":18275,"href":"https:\/\/www.aaroiemac.it\/notizie\/index.php?rest_route=\/wp\/v2\/posts\/15089\/revisions\/18275"}],"wp:featuredmedia":[{"embeddable":true,"href":"https:\/\/www.aaroiemac.it\/notizie\/index.php?rest_route=\/wp\/v2\/media\/15090"}],"wp:attachment":[{"href":"https:\/\/www.aaroiemac.it\/notizie\/index.php?rest_route=%2Fwp%2Fv2%2Fmedia&parent=15089"}],"wp:term":[{"taxonomy":"category","embeddable":true,"href":"https:\/\/www.aaroiemac.it\/notizie\/index.php?rest_route=%2Fwp%2Fv2%2Fcategories&post=15089"},{"taxonomy":"post_tag","embeddable":true,"href":"https:\/\/www.aaroiemac.it\/notizie\/index.php?rest_route=%2Fwp%2Fv2%2Ftags&post=15089"}],"curies":[{"name":"wp","href":"https:\/\/api.w.org\/{rel}","templated":true}]}}