{"id":15476,"date":"2019-03-25T23:00:00","date_gmt":"2019-03-25T22:00:00","guid":{"rendered":"https:\/\/aaroiemac.cloud\/notizie\/?p=15476"},"modified":"2020-07-28T15:27:32","modified_gmt":"2020-07-28T13:27:32","slug":"15476","status":"publish","type":"post","link":"https:\/\/www.aaroiemac.it\/notizie\/?p=15476","title":{"rendered":"Incarichi a medici pensionati. Le dichiarazioni del Presidente AAROI-EMAC Veneto, Dalsasso"},"content":{"rendered":"<p>La disastrosa situazione maturata sul versante della disponibilit\u00e0 di medici specialisti, soprattutto nei delicati settori delle chirurgie ortopediche, ginecologiche, nella medicina d\u2019urgenza e nell\u2019anestesia e rianimazione negli ultimi anni pare sorprendere tutti, quasi come se nessuno potesse prevedere, immaginare, presagire che il taglio indiscriminato degli organici, una infruttuosa programmazione ed una gestione prevalentemente economica e politica della sanit\u00e0 pubblica avrebbero provocato una gravissima emorragia di capacit\u00e0, di esperienze e di professionisti, tale da mettere in ginocchio non solo la normale attivit\u00e0, ma persino la possibilit\u00e0 di garantire il minimo necessario alla prosecuzione dell\u2019esistenza stessa del sistema sanitario pubblico.<\/p>\n<p>Tra le tante proposte suggerite per migliorare la situazione viene oggi deliberata l\u2019assunzione a tempo determinato di medici in quiescenza nella regione Veneto.<br \/>\nOltre che essere opinabile dal punto di vista di aderenza alle leggi attuali, ci chiediamo se questa sia una soluzione pratica di valore a lungo termine per sopperire alle evidenti responsabilit\u00e0 di chi avrebbe dovuto programmare, vigilare e governare la sanit\u00e0 pubblica.<\/p>\n<p>Dove si troveranno i fondi per questi contratti se non ci sono i denari per il contratto pubblico dei medici?<br \/>\nIl mancato rinnovo del contratto pubblico invoglier\u00e0 i giovani ad intraprendere la via dello studio della medicina e della professione medica azzoppata da salari non adeguati?<br \/>\nQuanto verr\u00e0 dopato il mercato se i medici in quiescenza percepiranno la pensione permettendosi di richiedere emolumenti ridotti per i loro contratti rispetto ai colleghi che non hanno gi\u00e0 un reddito?<\/p>\n<p>L\u2019impressione \u00e8 che ci si stia inoltrando in una strada che peggiorer\u00e0 ulteriormente le possibilit\u00e0 di ripresa della sanit\u00e0 pubblica, mortificando economicamente le giovani leve, prive delle risorse economiche gi\u00e0 previste per i medici ormai in pensione. A meno di sorprendenti aumenti di spesa pubblica, le risorse impiegate per questo progetto saranno sottratte a nuove borse di studio per medici specializzandi, al rinnovo contrattuale e al pagamento delle prestazioni aggiuntive dei medici strutturati.<\/p>\n<p>Il risultato sar\u00e0 di grande impatto mediatico, indubbiamente, ma di scarso effetto sul piano pratico (molti medici in pensione lavorano gi\u00e0 nel settore privato) e di potenzialmente negativo effetto sul futuro della professione e della sanit\u00e0 pubblica.<\/p>\n<p style=\"text-align: right;\"><em>Presidente AAROI-EMAC Veneto<\/em><br \/>\n<em>Dr Massimiliano Dalsasso<\/em><\/p>\n","protected":false},"excerpt":{"rendered":"<p>Il commento del Presidente AAROI-EMAC Veneto, Massimiliano Dalsasso, sulla Delibera per il conferimento di incarichi a medici in quiescenza nella regione Veneto.<\/p>\n","protected":false},"author":39501,"featured_media":15477,"comment_status":"closed","ping_status":"closed","sticky":false,"template":"","format":"standard","meta":{"_links_to":"","_links_to_target":""},"categories":[49],"tags":[208],"_links":{"self":[{"href":"https:\/\/www.aaroiemac.it\/notizie\/index.php?rest_route=\/wp\/v2\/posts\/15476"}],"collection":[{"href":"https:\/\/www.aaroiemac.it\/notizie\/index.php?rest_route=\/wp\/v2\/posts"}],"about":[{"href":"https:\/\/www.aaroiemac.it\/notizie\/index.php?rest_route=\/wp\/v2\/types\/post"}],"author":[{"embeddable":true,"href":"https:\/\/www.aaroiemac.it\/notizie\/index.php?rest_route=\/wp\/v2\/users\/39501"}],"replies":[{"embeddable":true,"href":"https:\/\/www.aaroiemac.it\/notizie\/index.php?rest_route=%2Fwp%2Fv2%2Fcomments&post=15476"}],"version-history":[{"count":1,"href":"https:\/\/www.aaroiemac.it\/notizie\/index.php?rest_route=\/wp\/v2\/posts\/15476\/revisions"}],"predecessor-version":[{"id":18718,"href":"https:\/\/www.aaroiemac.it\/notizie\/index.php?rest_route=\/wp\/v2\/posts\/15476\/revisions\/18718"}],"wp:featuredmedia":[{"embeddable":true,"href":"https:\/\/www.aaroiemac.it\/notizie\/index.php?rest_route=\/wp\/v2\/media\/15477"}],"wp:attachment":[{"href":"https:\/\/www.aaroiemac.it\/notizie\/index.php?rest_route=%2Fwp%2Fv2%2Fmedia&parent=15476"}],"wp:term":[{"taxonomy":"category","embeddable":true,"href":"https:\/\/www.aaroiemac.it\/notizie\/index.php?rest_route=%2Fwp%2Fv2%2Fcategories&post=15476"},{"taxonomy":"post_tag","embeddable":true,"href":"https:\/\/www.aaroiemac.it\/notizie\/index.php?rest_route=%2Fwp%2Fv2%2Ftags&post=15476"}],"curies":[{"name":"wp","href":"https:\/\/api.w.org\/{rel}","templated":true}]}}