{"id":16682,"date":"2020-03-07T15:40:00","date_gmt":"2020-03-07T14:40:00","guid":{"rendered":"https:\/\/aaroiemac.cloud\/notizie\/?p=16682"},"modified":"2020-07-16T16:41:30","modified_gmt":"2020-07-16T14:41:30","slug":"reagire-allemergenza-con-solidarieta-un-nuovo-terremoto-colpisce-il-paese","status":"publish","type":"post","link":"https:\/\/www.aaroiemac.it\/notizie\/?p=16682","title":{"rendered":"Reagire all\u2019emergenza con solidariet\u00e0"},"content":{"rendered":"\n<p>L&#8217;emergenza Covid-19 sta mettendo a dura prova il Sistema Sanitario Nazionale.<\/p>\n\n\n\n<p>In questo momento di crisi, la SIAARTI e l&#8217;AAROI-EMAC, all&#8217;unisono, vogliono sostenere in ogni modo possibile tutti gli operatori e la cittadinanza.<\/p>\n\n\n\n<p>Gli anestesisti-rianimatori stanno fornendo&nbsp;un grande esempio di rigore, senso del dovere e professionalit\u00e0, dal primo istante in cui l\u2019emergenza aveva appena iniziato a manifestarsi, fino al momento attuale, evidenziando l\u2019importanza di questi medici per la salute pubblica.<\/p>\n\n\n\n<p>L\u2019ammontare degli specialisti in anestesia e rianimazione non \u00e8 noto, neanche al Ministero della Salute: si tratta di specialisti spesso \u201cinvisibili\u201d. Ma adesso \u00e8 molto pi\u00f9 chiaro a tutta la popolazione quanto stiano lavorando, in silenzio, e non solo&nbsp;nelle zone di massimo contagio.&nbsp;<\/p>\n\n\n\n<p>Professionisti preparati e motivati, che sono stati coinvolti nelle unit\u00e0 di crisi \u2013 molto dopo rispetto a quanto avrebbe potuto e dovuto essere \u2013 sorte nelle Regioni, con tutti i&nbsp;limiti del sistema che erano ben noti a tutti gli addetti ai lavori, a tutti i livelli, e ora non possono e non dovranno essere mai pi\u00f9 sottaciuti a e da nessuno.<\/p>\n\n\n\n<p>Siamo al lavoro ovunque, per&nbsp;arginare l\u2019onda che sta travolgendo le terapie intensive, mantenendo l\u2019impegno che normalmente assicuriamo ai pazienti impegnandoci ogni giorno.<\/p>\n\n\n\n<p>Ma ora la difficile situazione in cui&nbsp;versano le unit\u00e0 di terapia intensiva, in particolare delle zone del paese pi\u00f9 colpite dall\u2019epidemia Covid-19, deve necessariamente trovare soluzioni accessorie a quelle gi\u00e0 in corso, consistenti sia in una rimodulazione delle attivit\u00e0 cliniche all\u00b4interno degli ospedali coinvolti, sia in un allestimento di nuovi posti letto, non solo di rianimazione, sia in un impegno massiccio dei nostri Colleghi delle Regioni pi\u00f9 colpite ben oltre i normali orari di servizio, sia in un coinvolgimento, per i casi meno gravi, di altri specialisti.<\/p>\n\n\n\n<p>Si rende necessario quindi ampliare il<strong>&nbsp;reclutamento di personale specialista anestesista-rianimatore, dai colleghi che hanno cessato il servizio&nbsp;<\/strong>ma che si trovano nella condizione di poter ancora prestare la propria professionalit\u00e0,<strong>&nbsp;ai Medici in Formazione (soprattutto negli ultimi due anni di corso)&nbsp;<\/strong>che, attraverso opportuni interventi che le Regioni stanno preparando in ossequio al \u201cdecreto milleproroghe\u201d, possono partecipare alle attivit\u00e0 con opportuni contratti di lavoro in base al \u201cdecreto Calabria\u201d, anche ricorrendo, nelle Regioni pi\u00f9 in crisi, ai&nbsp;<strong>Medici in Formazione di altre Regioni.&nbsp;<\/strong>Avere a disposizione tali professionisti permetter\u00e0 di rafforzare le aree intensive dedicate alla cura delle complicanze respiratorie e sistemiche che l\u00b4epidemia virale in corso sta generando.<\/p>\n\n\n\n<p>Non si tratta di sostituire i nostri Specialisti con i nostri Specializzandi, ma di ricorrere alle loro competenze, comunque superiori, nel nostro settore, a quelle di altri medici, come ausilio, sotto la supervisione ed il coordinamento degli Specialisti.<\/p>\n\n\n\n<p>La nostra disciplina \u00e8 tra quelle chiamate a farsi carico degli aspetti pi\u00f9 complessi, pi\u00f9 difficili e impegnativi per far fronte a quest\u2019emergenza, e a tal fine stiamo attuando ogni iniziativa per mantenere la posizione con nervi saldi e spirito di sacrificio, ricorrendo ad ogni mezzo, anche informatico, per diffondere ai nostri Colleghi tutte le indicazioni cliniche, organizzative, logistiche, che possono esser loro utili a curare al meglio i nostri pazienti, vale a dire quelli pi\u00f9 gravi<\/p>\n\n\n\n<p>La SIAARTI supporter\u00e0 i colleghi volontari garantendo loro una certificazione a riconoscimento del loro impegno nell\u2019attuale contesto di crisi, altamente professionalizzante e formativo dal punto di vista sia tecnico sia umano. Per manifestare la vostra disponibilit\u00e0, potete scrivere a&nbsp;<a href=\"mailto:segreteria@siaarti.it\">segreteria@siaarti.it<\/a>, inserendo i vostri recapiti (comprensivi di area di domicilio e ospedale di appartenenza). I messaggi verranno smistati dallo staff di Presidenza e inoltrati ai colleghi delle aree interessate.<\/p>\n\n\n\n<p>L\u2019AAROI-EMAC, dal canto suo, \u00e8 in stretto coordinamento con la SIAARTI sia per la pi\u00f9 adeguata diffusione ai Colleghi sia delle indicazioni al riguardo, sia sotto il profilo delle relazioni con i media in questo difficilissimo momento.<\/p>\n\n\n\n<p>Flavia Petrini<br>Presidente SIAARTI 2019-2021<\/p>\n\n\n\n<p>Alessandro Vergallo<br>Presidente Nazionale AAROI-EMAC 2017-2021&nbsp;<\/p>\n","protected":false},"excerpt":{"rendered":"<p>Comunicato stampa congiunto. L&#8217;emergenza Covid-19 sta mettendo a dura prova il Sistema Sanitario Nazionale. In questo momento di crisi, la SIAARTI e l&#8217;AAROI-EMAC, all&#8217;unisono, vogliono sostenere in ogni modo possibile tutti gli operatori e la cittadinanza. Gli anestesisti-rianimatori stanno fornendo un grande esempio di rigore, senso del dovere e professionalit\u00e0, dal primo istante.<\/p>\n","protected":false},"author":35359,"featured_media":16683,"comment_status":"closed","ping_status":"closed","sticky":false,"template":"","format":"standard","meta":{"_links_to":"","_links_to_target":""},"categories":[644,68],"tags":[],"_links":{"self":[{"href":"https:\/\/www.aaroiemac.it\/notizie\/index.php?rest_route=\/wp\/v2\/posts\/16682"}],"collection":[{"href":"https:\/\/www.aaroiemac.it\/notizie\/index.php?rest_route=\/wp\/v2\/posts"}],"about":[{"href":"https:\/\/www.aaroiemac.it\/notizie\/index.php?rest_route=\/wp\/v2\/types\/post"}],"author":[{"embeddable":true,"href":"https:\/\/www.aaroiemac.it\/notizie\/index.php?rest_route=\/wp\/v2\/users\/35359"}],"replies":[{"embeddable":true,"href":"https:\/\/www.aaroiemac.it\/notizie\/index.php?rest_route=%2Fwp%2Fv2%2Fcomments&post=16682"}],"version-history":[{"count":2,"href":"https:\/\/www.aaroiemac.it\/notizie\/index.php?rest_route=\/wp\/v2\/posts\/16682\/revisions"}],"predecessor-version":[{"id":16686,"href":"https:\/\/www.aaroiemac.it\/notizie\/index.php?rest_route=\/wp\/v2\/posts\/16682\/revisions\/16686"}],"wp:featuredmedia":[{"embeddable":true,"href":"https:\/\/www.aaroiemac.it\/notizie\/index.php?rest_route=\/wp\/v2\/media\/16683"}],"wp:attachment":[{"href":"https:\/\/www.aaroiemac.it\/notizie\/index.php?rest_route=%2Fwp%2Fv2%2Fmedia&parent=16682"}],"wp:term":[{"taxonomy":"category","embeddable":true,"href":"https:\/\/www.aaroiemac.it\/notizie\/index.php?rest_route=%2Fwp%2Fv2%2Fcategories&post=16682"},{"taxonomy":"post_tag","embeddable":true,"href":"https:\/\/www.aaroiemac.it\/notizie\/index.php?rest_route=%2Fwp%2Fv2%2Ftags&post=16682"}],"curies":[{"name":"wp","href":"https:\/\/api.w.org\/{rel}","templated":true}]}}