{"id":16713,"date":"2020-03-13T14:44:00","date_gmt":"2020-03-13T13:44:00","guid":{"rendered":"https:\/\/aaroiemac.cloud\/notizie\/?p=16713"},"modified":"2021-02-15T13:45:19","modified_gmt":"2021-02-15T12:45:19","slug":"assicurazione-medici-assunti-per-lemergenza-covid-19","status":"publish","type":"post","link":"https:\/\/www.aaroiemac.it\/notizie\/?p=16713","title":{"rendered":"Assicurazione medici assunti per l&#8217;emergenza COVID-19"},"content":{"rendered":"\n<p>Cari colleghi,<\/p>\n\n\n\n<p>in virt\u00f9 del D.L. 9\/3\/2020 n. 14 &#8220;Disposizioni urgenti per il potenziamento del Servizio Sanitario Nazionale in relazione all\u2019emergenza COVID-19&#8221;, tutte le Aziende Sanitarie hanno attuato misure d\u2019urgenza per reclutare professionisti sanitari. I Medici iscritti all&#8217;AAROI-EMAC sono in cima a molte liste di requisiti specifici.<\/p>\n\n\n\n<p>Per questo motivo abbiamo ritenuto fondamentale garantire a tutti i nostri iscritti la possibilit\u00e0 di accettare e affrontare con la massima serenit\u00e0 qualsiasi incarico.<\/p>\n\n\n\n<p>Abbiamo quindi ottenuto, nell&#8217;ambito della nostra convenzione assicurativa con la Compagnia AmTrust, per il tramite del Broker AON, inerente la copertura di Responsabilit\u00e0 Civile Professionale e di Tutela Legale Penale convenzionata dall&#8217;AAROI-EMAC, condizioni supplementari a quelle gi\u00e0 in vigore, a beneficio di tutti i medici iscritti all&#8217;AAROI-EMAC (sia specialisti sia specializzandi) che \u2013 visto il D.L. 9\/3\/2020 \u2013 andranno a svolgere attivit\u00e0 di assistenza su richiesta di Aziende Sanitarie pubbliche o private.<\/p>\n\n\n\n<p>Sar\u00e0 cura dell\u2019AAROI-EMAC, e della AON, monitorare le esigenze ed eventualmente provvedere ad adeguare successivamente, in caso di necessit\u00e0, tali condizioni supplementari.<\/p>\n\n\n\n<p>Per tutti i Colleghi, la Segreteria Nazionale AAROI-EMAC, nei limiti del possibile, potr\u00e0 fornire chiarimenti ai consueti recapiti disponibili sul sito web<strong>&nbsp;<a rel=\"noreferrer noopener\" href=\"https:\/\/www.aaroiemac.it\/website\/\" target=\"_blank\">www.aaroiemac.it<\/a><\/strong>&nbsp;.&nbsp;<\/p>\n\n\n\n<p><strong>Attenzione!<\/strong>&nbsp;per limitare al minimo possibile i disagi conseguenti ad un sovraccarico di chiamate non necessarie, si prega di leggere bene la presente comunicazione, che contiene gi\u00e0 tutti i chiarimenti necessari. Chiamare unicamente per situazioni non qui specificate. Grazie.<\/p>\n\n\n\n<p>La copertura assicurativa in argomento, da oggi 13\/03\/2020 e fino ad eventuale successivo aggiornamento, \u00e8 cos\u00ec definita per le seguenti 3 macro-categorie:<br><br><strong>A) MEDICI CHE SONO ANDATI IN PENSIONE NEGLI ANNI 2017, 2018, 2019<\/strong><\/p>\n\n\n\n<p>Si tratta dei Medici Pensionati, regolarmente iscritti all\u2019AAROI-EMAC fino alla cessazione dell\u2019attivit\u00e0 per pensionamento avvenuto entro il 31\/12\/2019, che abbiano attivato le Polizze RC e TL di 1\u00b0 rischio rispettivamente nel 2017, 2018 e 2019.<\/p>\n\n\n\n<p>La soluzione ottenuta grazie agli accordi \u00e8 la seguente:<\/p>\n\n\n\n<ul><li>sono assicurati per l\u2019attivit\u00e0 che saranno chiamati a svolgere, e che accetteranno di svolgere, in relazione all\u2019Emergenza Covid-19, normata dal DL 14\/2020, per la durata di 6 mesi, in qualsiasi Ente, con qualsiasi rapporto lavorativo, indipendentemente dal reparto di destinazione, ed indipendentemente dal rapporto di lavoro svolto durante l\u2019attivit\u00e0 cessata per pensionamento.<\/li><li>Inoltre, una volta terminata l\u2019attivit\u00e0 svolta in applicazione del sopra richiamato D.L. 9\/3\/2020 n. 14, la copertura \u2018postuma\u2019 per tale attivit\u00e0 sar\u00e0 ricompresa nella copertura postuma precedentemente attivata e seguir\u00e0 la sua normale decorrenza.<\/li><\/ul>\n\n\n\n<p><strong>NOTA BENE:<\/strong><br><strong>PER I PRIMI 50 MEDICI PENSIONATI L\u2019ATTIVAZIONE DELLA SUDDETTA TUTELA RC E TL SAR\u00c0 GRATUITA<\/strong><\/p>\n\n\n\n<p>ATTENZIONE: Tutti i Colleghi Pensionati di cui al precedente punto A) interessati all\u2019attivazione delle coperture suddette dovranno rivolgersi al Broker AON inviando richiesta all\u2019indirizzo email&nbsp;<a href=\"mailto:aaroiemac@aon.it\">aaroiemac@aon.it<\/a>&nbsp;e per conoscenza all\u2019indirizzo email&nbsp;<a href=\"mailto:aaroiemac@aaroiemac.it\">aaroiemac@aaroiemac.it<\/a>&nbsp;specificando la data di inizio del servizio.<br><br><strong>B) MEDICI CHE SONO ANDATI IN PENSIONE NEL 2020<\/strong><br>Si tratta dei Medici Pensionati, regolarmente iscritti all\u2019AAROI-EMAC fino all\u2019avvenuta cessazione dell\u2019attivit\u00e0 per pensionamento (\u00e8&nbsp;necessario effettuare il versamento a saldo della quota mensile per i mesi residui dell\u00b4anno in corso &#8211; vd. link&nbsp;<a rel=\"noreferrer noopener\" href=\"https:\/\/www.aaroiemac.it\/notizie\/?p=15753\" target=\"_blank\">https:\/\/www.aaroiemac.it\/notizie\/?p=15753<\/a>), e assicurati per tutto il 2020 tramite la polizza di Primo rischio.<\/p>\n\n\n\n<p>Riteniamo si tratti della maggior parte dei potenziali richiamati o trattenuti in servizio.<\/p>\n\n\n\n<p>La soluzione ottenuta grazie agli accordi \u00e8 la seguente:<\/p>\n\n\n\n<ul><li>sono assicurati per l\u2019attivit\u00e0 che saranno chiamati a svolgere, e che accetteranno di svolgere, in relazione all\u2019Emergenza Covid-19, normata dal DL 14\/2020, per la durata di 6 mesi, in qualsiasi Ente, con qualsiasi rapporto lavorativo, indipendentemente dal reparto di destinazione, ed indipendentemente dal rapporto di lavoro svolto durante l\u2019attivit\u00e0 cessata per pensionamento.<\/li><li>Inoltre, una volta terminata l\u2019attivit\u00e0 svolta in applicazione del sopra richiamato del D.L. 9\/3\/2020 n. 14, la copertura \u2018postuma\u2019 per tale attivit\u00e0 sar\u00e0 ricompresa nella copertura postuma che verr\u00e0 attivata nel 2021.<\/li><\/ul>\n\n\n\n<p><strong>TALE ESTENSIONE \u00c8 AUTOMATICA E NON NE \u00c8 RICHIESTA LA COMUNICAZIONE.<\/strong><br><br><strong>C) MEDICI SPECIALIZZANDI<\/strong><\/p>\n\n\n\n<p>La soluzione varia a seconda che il Medico Specializzando, gi\u00e0 nostro iscritto o neo-iscritto in regola con la quota associativa di iscrizione AAROI-EMAC:&nbsp;<\/p>\n\n\n\n<ul><li><strong>sia assunto con rapporto di lavoro presso Enti Pubblici o Privati del SSN ai sensi del D.l. 35\/2019 convertito con L. 60\/2019 e s.m.i.<\/strong><br>In tal caso, la convenzione AAROI-EMAC prevede gi\u00e0, come noto, che il medico, bench\u00e8 specializzando, debba assicurarsi come specialista. [Codice 01c \u2013 Medico Specializzando con rapporto di lavoro presso enti pubblici o privati del SSN ai sensi del D.l. 35\/2019 convertito con L. 60\/2019 e s.m.i.];<\/li><\/ul>\n\n\n\n<p>NOTA BENE: PER TALI COLLEGHI, SI RENDE NECESSARIO INTEGRARE IL PREMIO RISPETTO A QUANTO EVENTUALMENTE GI\u00c0 VERSATO IN PRECEDENZA COME SPECIALIZZANDO&nbsp;<\/p>\n\n\n\n<hr class=\"wp-block-separator\"\/>\n\n\n\n<ul><li><strong>presti la propria opera, a qualunque altro titolo, in considerazione delle diverse delibere regionali, con qualsiasi rapporto di lavoro NON instaurato ai sensi del D.l. 35\/2019 convertito con L. 60\/2019 e s.m.i.\u00a0(es. libera professione, co.co.co., accordi di vario genere con le Universit\u00e0, etc.).<\/strong><br>In tal caso, la soluzione ottenuta grazie agli accordi \u00e8 la seguente: la copertura assicurativa, gi\u00e0 stipulata o di nuova stipula, come Medico Specializzando (Codici 01a e 01b) \u00e8 estesa per la durata di 6 mesi<span class=\"has-inline-color has-vivid-red-color\"><strong>*<\/strong><\/span> per l\u2019attivit\u00e0 che essi saranno chiamati a svolgere, e che accetteranno di svolgere, in relazione all\u2019Emergenza Covid-19, normata dal DL 14\/2020, indipendentemente dal reparto di destinazione.<br><strong><span class=\"has-inline-color has-vivid-red-color\">*<\/span> <span class=\"has-inline-color has-vivid-red-color\">Termine ulteriormente prorogato al 31 dicembre 2020. Per il 2021 guardare il link: <\/span><\/strong><a href=\"https:\/\/www.aaroiemac.it\/notizie\/?p=20308\">https:\/\/www.aaroiemac.it\/notizie\/?p=20308<\/a><\/li><\/ul>\n\n\n\n<p>NOTA BENE: PER TUTTI I SUDDETTI MEDICI SPECIALIZZANDI L\u2019ATTIVAZIONE DELLA SUDDETTA TUTELA RC E TL SAR\u00c0 REGOLATA DALLE CONDIZIONI DI POLIZZA GI\u00c0 IN VIGORE<br><br><strong>Tutti i suddetti Colleghi Specializzandi interessati ad attivare la copertura potranno farlo con le consuete modalit\u00e0 tramite il portale Aon a noi dedicato\u00a0<a rel=\"noreferrer noopener\" href=\"http:\/\/www.aaroiemac.aon.it\/\" target=\"_blank\">www.aaroiemac.aon.it<\/a>\u00a0oppure scrivendo ad\u00a0<\/strong><a rel=\"noreferrer noopener\" href=\"mailto:aaroiemac@aon.it\" target=\"_blank\"><strong>aaroiemac@aon.it<\/strong><\/a><\/p>\n\n\n\n<p class=\"has-text-align-center\"><strong><span class=\"has-inline-color has-vivid-red-color\">ATTENZIONE PER IL 2021 LEGGERE ATTENTAMENTE<\/span><\/strong><br><strong><a rel=\"noreferrer noopener\" href=\"https:\/\/www.aaroiemac.it\/notizie\/?p=20308\" target=\"_blank\">AGGIORNAMENTO CONVENZIONI ASSICURATIVE 2021 &#8211; MEDICI IN FORMAZIONE<\/a><\/strong><\/p>\n\n\n\n<p><strong>INFORMAZIONI SULLE ISCRIZIONI AL SEGUENTE LINK:\u00a0<\/strong><br><strong><a rel=\"noreferrer noopener\" href=\"https:\/\/www.aaroiemac.it\/notizie\/?p=15751\" target=\"_blank\">Iscrizioni 202<\/a><\/strong><a rel=\"noreferrer noopener\" href=\"https:\/\/www.aaroiemac.it\/notizie\/?p=15751\" target=\"_blank\"><strong>0<\/strong><\/a><br><a rel=\"noreferrer noopener\" href=\"https:\/\/www.aaroiemac.it\/notizie\/?p=20180\" target=\"_blank\"><strong>Iscrizioni 2021<\/strong><\/a><\/p>\n","protected":false},"excerpt":{"rendered":"<p>Abbiamo ottenuto, nell&#8217;ambito della nostra convenzione assicurativa inerente la copertura di Responsabilit\u00e0 Civile Professionale e di Tutela Legale Penale convenzionata dall&#8217;AAROI-EMAC, condizioni supplementari a quelle gi\u00e0 in vigore, a beneficio di tutti i medici iscritti all&#8217;AAROI-EMAC (sia specialisti sia specializzandi) che \u2013 visto il D.L. 9\/3\/2020 \u2013 andranno a svolgere attivit\u00e0 di assistenza su richiesta di Aziende Sanitarie pubbliche o private.<\/p>\n","protected":false},"author":35359,"featured_media":16714,"comment_status":"closed","ping_status":"closed","sticky":false,"template":"","format":"standard","meta":{"_links_to":"","_links_to_target":""},"categories":[57],"tags":[],"_links":{"self":[{"href":"https:\/\/www.aaroiemac.it\/notizie\/index.php?rest_route=\/wp\/v2\/posts\/16713"}],"collection":[{"href":"https:\/\/www.aaroiemac.it\/notizie\/index.php?rest_route=\/wp\/v2\/posts"}],"about":[{"href":"https:\/\/www.aaroiemac.it\/notizie\/index.php?rest_route=\/wp\/v2\/types\/post"}],"author":[{"embeddable":true,"href":"https:\/\/www.aaroiemac.it\/notizie\/index.php?rest_route=\/wp\/v2\/users\/35359"}],"replies":[{"embeddable":true,"href":"https:\/\/www.aaroiemac.it\/notizie\/index.php?rest_route=%2Fwp%2Fv2%2Fcomments&post=16713"}],"version-history":[{"count":17,"href":"https:\/\/www.aaroiemac.it\/notizie\/index.php?rest_route=\/wp\/v2\/posts\/16713\/revisions"}],"predecessor-version":[{"id":22187,"href":"https:\/\/www.aaroiemac.it\/notizie\/index.php?rest_route=\/wp\/v2\/posts\/16713\/revisions\/22187"}],"wp:featuredmedia":[{"embeddable":true,"href":"https:\/\/www.aaroiemac.it\/notizie\/index.php?rest_route=\/wp\/v2\/media\/16714"}],"wp:attachment":[{"href":"https:\/\/www.aaroiemac.it\/notizie\/index.php?rest_route=%2Fwp%2Fv2%2Fmedia&parent=16713"}],"wp:term":[{"taxonomy":"category","embeddable":true,"href":"https:\/\/www.aaroiemac.it\/notizie\/index.php?rest_route=%2Fwp%2Fv2%2Fcategories&post=16713"},{"taxonomy":"post_tag","embeddable":true,"href":"https:\/\/www.aaroiemac.it\/notizie\/index.php?rest_route=%2Fwp%2Fv2%2Ftags&post=16713"}],"curies":[{"name":"wp","href":"https:\/\/api.w.org\/{rel}","templated":true}]}}