{"id":16824,"date":"2020-03-22T15:28:00","date_gmt":"2020-03-22T14:28:00","guid":{"rendered":"https:\/\/aaroiemac.cloud\/notizie\/?p=16824"},"modified":"2020-07-20T14:57:15","modified_gmt":"2020-07-20T12:57:15","slug":"progetto-scriviamo-la-storia","status":"publish","type":"post","link":"https:\/\/www.aaroiemac.it\/notizie\/?p=16824","title":{"rendered":"Progetto &#8220;Scriviamo la storia&#8221;"},"content":{"rendered":"\n<p>L\u00b4AAROI-EMAC appoggia il Progetto &#8220;Scriviamo la storia&#8221;, messo a punto da&nbsp;<strong><a href=\"https:\/\/www.intensiva.it\/index.php?lang=it\" target=\"_blank\" rel=\"noreferrer noopener\">Intensiva 2.0<\/a><\/strong>. Di seguito la presentazione del Dr Giovanni Mistraletti.<br><br><strong><a href=\"https:\/\/www.aaroiemac.it\/notizie\/uploads\/SalaStampa\/RassegnaStampa\/2020\/A4_Progetto%20Scriviamo%20la%20Storia.pdf\" target=\"_blank\" rel=\"noreferrer noopener\">La Locandina<\/a><\/strong><\/p>\n\n\n\n<p><strong><a href=\"https:\/\/vissuto.intensiva.it\/\" target=\"_blank\" rel=\"noreferrer noopener\">Il sito<\/a><\/strong><\/p>\n\n\n\n<p><em>Carissimi medici, infermieri, operatori tutti della sanit\u00e0 che avete a che fare con la pandemia COVID19,<\/em><\/p>\n\n\n\n<p><em>ci troviamo oggi di fronte ad una catastrofe di dimensioni ancora non ben definite. Siamo in una situazione di enorme sproporzione fra le necessit\u00e0 teoriche di assistenza sanitaria che vorremmo erogare e le risorse disponibili. Gi\u00e0 da qualche giorno,&nbsp;<strong>tutti stiamo vivendo momenti difficili<\/strong>, in cui stiamo lavorando in quadro sempre pi\u00f9 simile alla \u201cmedicina delle catastrofi\u201d.<\/em><\/p>\n\n\n\n<p><em>Come operatori, potremmo avere un significativo \u201cdisagio morale\u201d (<strong>moral distress<\/strong>) nel prendere certe decisioni, e potrebbero esserci incomprensioni con colleghi di altri reparti o di altri ospedali, con aumento di ansia a preoccupazione, fino ad arrivare forse ad un aumento del&nbsp;<strong>\u201cburn-out\u201d lavorativo<\/strong>. In futuro, potremmo essere tutti esposti al&nbsp;<strong>PTSD (post-traumatic stress disorder)<\/strong>, che significa aver vissuto situazioni in cui c\u2019era un concreto pericolo di vita (propria e altrui), e vivendo la situazione come un trauma.<\/em><\/p>\n\n\n\n<p><em>Vi scriviamo queste riflessioni perch\u00e9 vi sentiate supportati e legittimati nelle vostre reazioni, di cui \u00e8 bene avere autocoscienza, e che \u00e8 bene affrontare, come sempre, cercando di&nbsp;<strong>coniugare la verit\u00e0 e la rassicurazione<\/strong>\u2026 sia all\u2019interno del team dei curanti, sia nei confronti dei familiari, che potrebbero comprensibilmente manifestare un aumento di preoccupazione, incredulit\u00e0, diffidenza, aggressivit\u00e0 e dolore. In particolare, c\u2019\u00e8 un team di psicologi che si \u00e8 reso disponibile ad aiutarci,&nbsp;<strong>gratuitamente<\/strong>, organizzando dei colloqui con gli operatori sanitari via skype o di persona: si possono contattare direttamente a questi indirizzi email&nbsp;<a href=\"mailto:eleonora.orena@gmail.com\" target=\"_blank\" rel=\"noreferrer noopener\">eleonora.orena@gmail.com<\/a>oppure&nbsp;<a href=\"mailto:contattopsicologi@gmail.com\" target=\"_blank\" rel=\"noreferrer noopener\">contattopsicologi@gmail.com<\/a><\/em><\/p>\n\n\n\n<p><em>Come coordinatori del Progetto Intensiva 2.0, ci siamo chiesti cosa potevamo fare per essere d\u2019aiuto in questa situazione drammatica. Crediamo sia necessario mantenere i nervi saldi, e continuare ad affrontare questa pandemia con professionalit\u00e0 e collaborazione, come siamo sicuri stiate gi\u00e0 facendo.<\/em><\/p>\n\n\n\n<p><em>Concretamente, vogliamo offrirvi una possibilit\u00e0 di:<\/em><\/p>\n\n\n\n<p><em>&#8211;&nbsp;<strong>condividere i nostri pensieri&nbsp;<\/strong>e le nostre emozioni, per \u201cliberarcene\u201d e cos\u00ec magari stare un po\u2019 meglio.<\/em><\/p>\n\n\n\n<p><em>&#8211; creare un&nbsp;<strong>archivio di testimonianze&nbsp;<\/strong>dei fatti storici di cui siamo protagonisti, perch\u00e9 in futuro nessuno possa negare l\u2019accaduto o il nostro impegno, n\u00e9 il contesto lavorativo incredibile in cui ci troviamo ora.<\/em><\/p>\n\n\n\n<p><em>Per questo, abbiamo creato il&nbsp;<strong>Progetto \u201cScriviamo la storia\u201d<\/strong>:&nbsp;<strong><a href=\"http:\/\/dati.intensiva.it\/vissuto\/\" target=\"_blank\" rel=\"noreferrer noopener\">http:\/\/dati.intensiva.it\/vissuto\/<\/a><\/strong><\/em><\/p>\n\n\n\n<p><em>Vorremmo che fosse uno&nbsp;<strong>strumento<\/strong>, uno&nbsp;<strong>spazio di aiuto<\/strong>, che ci diamo e che utilizziamo in libert\u00e0 come una vicinanza di cui noi adesso abbiamo bisogno. Prendiamoci uno spazio libero in questo momento di tragico smarrimento, in cui dobbiamo rimanere forti, lucidi, avere consapevolezza realistica della nostra indispensabilit\u00e0, perch\u00e9 dobbiamo saperci inventare continuamente soluzioni a problemi nuovi e potenzialmente gravi per gli aggrediti dal virus e &#8230;anche per noi o i nostri cari. Vorremmo che fosse anche un\u2019occasione per \u201c<strong>scrivere la storia<\/strong>\u201d di questo periodo terribile, su cui riflettere quando tutto sar\u00e0 tornato alla normalit\u00e0&#8230; speriamo presto!<\/em><\/p>\n\n\n\n<p><em>Desideriamo&nbsp;<strong>raccogliere dei \u201ccontributi liberi\u201d<\/strong>: racconti di due righe oppure di una pagina. Foto, video o files audio, schemi o pezzi (anonimi) di diaria\u2026 tutto quello che credete sia utile agli altri operatori e a chi potr\u00e0 leggerli in futuro. I contributi di tutti (rigorosamente anonimi) saranno filtrati e messi a disposizione di tutti, sempre nel massimo rispetto della privacy di chi scrive.<\/em><\/p>\n\n\n\n<p><em>Siamo molto orgogliosi di come tutto il personale delle Terapie Intensive italiane sta rispondendo all\u2019emergenza sanitaria in atto. Si sta davvero costruendo un esempio fulgido, inequivocabile e universalmente unico di competenze, responsabilit\u00e0, di fratellanza che ci spinge ad utilizzare tutte le risorse disponibili, ed anche attivabili come emergenza. E tutto questo sta scrivendo una pagina della storia pi\u00f9 bella dell\u00b4umanit\u00e0. In Italia.<\/em><\/p>\n\n\n\n<p><em>Grazie per tutto ci\u00f2 che avete fatto e che farete in questo momento estremamente difficile per il nostro Paese.<\/em><\/p>\n\n\n\n<p><em>Dr Giovanni Mistraletti a nome di tutto il Progetto Intensiva 2.0<\/em><\/p>\n","protected":false},"excerpt":{"rendered":"<p>L\u00b4AAROI-EMAC appoggia il Progetto &#8220;Scriviamo la storia&#8221;, messo a punto da Intensiva 2.0, per aiutare gli Operatori Sanitari in questa situazione drammatica.<\/p>\n","protected":false},"author":35358,"featured_media":16826,"comment_status":"closed","ping_status":"closed","sticky":false,"template":"","format":"standard","meta":{"_links_to":"","_links_to_target":""},"categories":[645,643],"tags":[],"_links":{"self":[{"href":"https:\/\/www.aaroiemac.it\/notizie\/index.php?rest_route=\/wp\/v2\/posts\/16824"}],"collection":[{"href":"https:\/\/www.aaroiemac.it\/notizie\/index.php?rest_route=\/wp\/v2\/posts"}],"about":[{"href":"https:\/\/www.aaroiemac.it\/notizie\/index.php?rest_route=\/wp\/v2\/types\/post"}],"author":[{"embeddable":true,"href":"https:\/\/www.aaroiemac.it\/notizie\/index.php?rest_route=\/wp\/v2\/users\/35358"}],"replies":[{"embeddable":true,"href":"https:\/\/www.aaroiemac.it\/notizie\/index.php?rest_route=%2Fwp%2Fv2%2Fcomments&post=16824"}],"version-history":[{"count":2,"href":"https:\/\/www.aaroiemac.it\/notizie\/index.php?rest_route=\/wp\/v2\/posts\/16824\/revisions"}],"predecessor-version":[{"id":16926,"href":"https:\/\/www.aaroiemac.it\/notizie\/index.php?rest_route=\/wp\/v2\/posts\/16824\/revisions\/16926"}],"wp:featuredmedia":[{"embeddable":true,"href":"https:\/\/www.aaroiemac.it\/notizie\/index.php?rest_route=\/wp\/v2\/media\/16826"}],"wp:attachment":[{"href":"https:\/\/www.aaroiemac.it\/notizie\/index.php?rest_route=%2Fwp%2Fv2%2Fmedia&parent=16824"}],"wp:term":[{"taxonomy":"category","embeddable":true,"href":"https:\/\/www.aaroiemac.it\/notizie\/index.php?rest_route=%2Fwp%2Fv2%2Fcategories&post=16824"},{"taxonomy":"post_tag","embeddable":true,"href":"https:\/\/www.aaroiemac.it\/notizie\/index.php?rest_route=%2Fwp%2Fv2%2Ftags&post=16824"}],"curies":[{"name":"wp","href":"https:\/\/api.w.org\/{rel}","templated":true}]}}