{"id":17275,"date":"2020-05-19T17:50:02","date_gmt":"2020-05-19T15:50:02","guid":{"rendered":"https:\/\/aaroiemac.cloud\/notizie\/?p=17275"},"modified":"2020-05-21T11:48:58","modified_gmt":"2020-05-21T09:48:58","slug":"la-dignita-professionale-non-si-compra-con-una-elemosina","status":"publish","type":"post","link":"https:\/\/www.aaroiemac.it\/notizie\/?p=17275","title":{"rendered":"La dignit\u00e0 professionale non si compra"},"content":{"rendered":"\n<p><strong>Umiliati medici, infermieri ed operatori sanitari che si sono infettati, ammalati e morti in servizio in tutta l\u2019Italia.<\/strong><\/p>\n\n\n\n<p>La proposta della Regione Veneto di una ripartizione percentuale &#8220;per teste&#8221; fra Dirigenza del Ruolo Sanitario e Personale del Comparto, anche non sanitario, delle risorse economiche destinate alla premialit\u00e0 del personale sanitario dipendente coinvolto direttamente e indirettamente nell&#8217;emergenza Covid 19 (malgrado tale metodologia di ripartizione non sia prevista dalle disposizioni legislative)&nbsp;<strong>\u00e8 stata rifiutata dalla maggioranza di tutti i Sindacati della Dirigenza Sanitaria<\/strong>, ma accettata dai rappresentanti del comparto. Il rifiuto \u00e8 stato dettato da tre condizioni:<br><br>\u2022 non riconoscimento da parte della Regione delle differenti condizioni di esposizione al rischio e di differenti responsabilit\u00e0 presenti sia nel personale della Dirigenza Sanitaria che nel personale del Comparto Sanit\u00e0;<br>\u2022 dalla differenza fino ad ora presente nel Veneto nei riguardi del Rischio biologico che viene riconosciuto per il personale del Comparto e non per la Dirigenza Sanitaria, con la scusa che non \u00e8 chiaro il dettato legislativo nazionale e malgrado il comportamento della Regione Toscana che invece diversamente lo ha riconosciuto con Legge Regionale in attesa di provvedimenti legislativi nazionali;<br>\u2022 dall&#8217;indignazione delle diverse categorie professionali della Dirigenza del Ruolo Sanitario dinanzi all&#8217;ennesimo atto regionale di esplicita non considerazione delle loro particolari peculiarit\u00e0, fondamentali nella fase acuta della pandemia.<br><br>Medici e Dirigenti Sanitari con abnegazione e a disprezzo del pericolo personale hanno permesso i risultati sanitari fino ad ora ottenuti in questa Regione e questo \u00e8 il ringraziamento a loro dovuto\u2026!<br><strong>Il ruolo e la dignit\u00e0 della categoria non pu\u00f2 essere ulteriormente oltraggiato con un ennesima mancanza di rispetto e considerazione e con una premialit\u00e0 che rappresenta una \u201celemosina\u201d (300 euro complessive medie pro capite nette).<\/strong><br><br><strong>Ci rendiamo conto che la tanto sbandierata meritocrazia da parte della Regione Veneto, in questo momento cede il posto a pi\u00f9 importanti esigenze di consenso e propaganda elettorale! In conseguenza di tutto ci\u00f2 saremo costretti ad adeguare da ora in poi il nostro apporto straordinario e la nostra abnegazione professionale allo scarso rispetto e considerazione della Regione nei suoi ruoli apicali nei riguardi della Dirigenza del ruolo sanitario.<\/strong><\/p>\n\n\n\n<p class=\"has-text-align-center\"><strong><br>INTERSINDACALE DIRIGENZA MEDICA E SANITARIA DELLA REGIONE VENETO<br>ANAAO ASSOMED \u2013 Federazione CIMO-FESMED &#8211; AAROI-EMAC &#8211; FASSID (AIPAC-AUPI-SIMET-SINAFO-SNR &#8211; FVM &#8211; ANPO-ASCOTI-FIALS-MEDICI<\/strong><\/p>\n","protected":false},"excerpt":{"rendered":"<p>Umiliati medici, infermieri ed operatori sanitari che si sono infettati, ammalati e morti in servizio in tutta l\u2019Italia. La proposta della Regione Veneto di una ripartizione percentuale &#8220;per teste&#8221; fra Dirigenza del Ruolo Sanitario e Personale del Comparto, anche non sanitario, delle risorse economiche destinate alla premialit\u00e0 del personale sanitario dipendente coinvolto direttamente e indirettamente [&hellip;]<\/p>\n","protected":false},"author":35358,"featured_media":17276,"comment_status":"closed","ping_status":"closed","sticky":false,"template":"","format":"standard","meta":{"_links_to":"","_links_to_target":""},"categories":[646,49],"tags":[],"_links":{"self":[{"href":"https:\/\/www.aaroiemac.it\/notizie\/index.php?rest_route=\/wp\/v2\/posts\/17275"}],"collection":[{"href":"https:\/\/www.aaroiemac.it\/notizie\/index.php?rest_route=\/wp\/v2\/posts"}],"about":[{"href":"https:\/\/www.aaroiemac.it\/notizie\/index.php?rest_route=\/wp\/v2\/types\/post"}],"author":[{"embeddable":true,"href":"https:\/\/www.aaroiemac.it\/notizie\/index.php?rest_route=\/wp\/v2\/users\/35358"}],"replies":[{"embeddable":true,"href":"https:\/\/www.aaroiemac.it\/notizie\/index.php?rest_route=%2Fwp%2Fv2%2Fcomments&post=17275"}],"version-history":[{"count":2,"href":"https:\/\/www.aaroiemac.it\/notizie\/index.php?rest_route=\/wp\/v2\/posts\/17275\/revisions"}],"predecessor-version":[{"id":17286,"href":"https:\/\/www.aaroiemac.it\/notizie\/index.php?rest_route=\/wp\/v2\/posts\/17275\/revisions\/17286"}],"wp:featuredmedia":[{"embeddable":true,"href":"https:\/\/www.aaroiemac.it\/notizie\/index.php?rest_route=\/wp\/v2\/media\/17276"}],"wp:attachment":[{"href":"https:\/\/www.aaroiemac.it\/notizie\/index.php?rest_route=%2Fwp%2Fv2%2Fmedia&parent=17275"}],"wp:term":[{"taxonomy":"category","embeddable":true,"href":"https:\/\/www.aaroiemac.it\/notizie\/index.php?rest_route=%2Fwp%2Fv2%2Fcategories&post=17275"},{"taxonomy":"post_tag","embeddable":true,"href":"https:\/\/www.aaroiemac.it\/notizie\/index.php?rest_route=%2Fwp%2Fv2%2Ftags&post=17275"}],"curies":[{"name":"wp","href":"https:\/\/api.w.org\/{rel}","templated":true}]}}