{"id":17440,"date":"2020-06-05T14:32:00","date_gmt":"2020-06-05T12:32:00","guid":{"rendered":"https:\/\/aaroiemac.cloud\/notizie\/?p=17440"},"modified":"2020-07-23T16:02:46","modified_gmt":"2020-07-23T14:02:46","slug":"covid-fiera-e-chiuso-ma-non-abbassiamo-la-guardia","status":"publish","type":"post","link":"https:\/\/www.aaroiemac.it\/notizie\/?p=17440","title":{"rendered":"COVID FIERA \u00c8 CHIUSO, ma non abbassiamo la guardia!"},"content":{"rendered":"\n<p><strong>Ora non abbassiamo la guardia: una eventuale ripresa pandemica non ci colga impreparati!<\/strong><\/p>\n\n\n\n<p>Da diversi giorni non si ricoverano pi\u00f9 pazienti Covid positivi nelle rianimazioni marchigiane; quelli che hanno superato la fase acuta (oggi i ricoverati sono 4) possono definirsi \u201ccronici\u201d, con lesioni polmonari o cardiache permanenti o a lunga risoluzione, destinati a cure sempre meno intensive in reparti di lungodegenza.<\/p>\n\n\n\n<p>Il progressivo depauperamento della casistica \u00e8 confortato anche dal ridimensionamento dei numeri relativi alle degenze subintensive (oggi 7) e dei pazienti ricoverati in area postcritica (25), molti dei quali anche negativi al tampone. Anche il personale positivo posto in isolamento domiciliare \u00e8 rientrato al lavoro per l\u201985% (oggi sono solo 211 le persone ancora costrette a casa, sul totale al picco pandemico di circa 1.300 il 19 aprile). Diversi ospedali \u201cCovid\u201d sono ormai in fase di bonifica: l\u2019emblema \u00e8 rappresentato da quello di Camerino che in 24 ore il 9 marzo si trasform\u00f2 tutto in Ospedale COVID, con un incremento di PL di Rianimazione da 4 a 12 + 8 di Subintensiva: \u00e8 in fase di bonifica e torner\u00e0 alla sua finalit\u00e0 normale \u201cpreCovid\u201d.<\/p>\n\n\n\n<p><strong>COVID Fiera a Civitanova \u00e8 vuoto<\/strong>. Chiude, viene sanificato e sar\u00e0 destinato ad una funzione interregionale in previsione di nuovo picco pandemico o a sostegno di eventuali maxiemergenze.<\/p>\n\n\n\n<p>Gli Anestesisti Rianimatori marchigiani hanno fatto la loro parte! Hanno visto stravolta la loro modalit\u00e0 lavorativa, non sottraendosi alle responsabilit\u00e0 di salvare vite umane con una modalit\u00e0 lavorativa a tutti nota e che ha provocato un notevole stress psicofisico. A tutti va la nostra riconoscenza, agli infermieri, agli OSS, alle Coordinatrici (ex Caposala, per intenderci) che hanno saputo infondere ogni giorno e con assiduit\u00e0 ai loro colleghi quella certezza operativa che ha consentito il risultato finale: davvero bravi tutti!<\/p>\n\n\n\n<p>Il Presidente Ceriscioli ha appena sottoscritto un accordo con le parti sociali che riconosce una risorsa economica agli operatori che hanno gestito la fase epidemica: non sono molti soldi, ma un segnale di riconoscimento amministrativo da parte degli organi che ci governano.&nbsp;&nbsp;<\/p>\n\n\n\n<p><strong>\u00c8 tutto finito? Decisamente NO!<\/strong><\/p>\n\n\n\n<p>L\u2019AAROI-EMAC Marche, l\u2019associazione che raggruppa gli Anestesisti Rianimatori marchigiani, guarda avanti! Vuole una verifica di quanto \u00e8 successo, un \u201caudit\u201d regionale per valutare come sia avvenuta la risposta alla fase di emergenza nei primi giorni di marzo.<\/p>\n\n\n\n<p>Ha chiesto ed ottenuto di attivare \u201cun tavolo di confronto regionale\u201d per la stesura di direttive circa l\u2019utilizzo del Servizio Sanitario Regionale (COVID Fiera compreso), qualora si ripresentasse un nuovo picco pandemico o una maxiemeregenza.<\/p>\n\n\n\n<p>Vuole l\u2019incremento dei Posti Letto nelle terapie intensive regionali, auspicando il raggiungimento di circa 220 dai 140 \u201cPre-Covid\u201d, con conseguente incremento del personale specialistico assunto a tempo indeterminato.<\/p>\n\n\n\n<p>Vuole una chiara definizione della funzione del Centro Covid Fiera anche in relazione alle direttive ministeriali ed all\u2019interessamento delle regioni del centro Italia.&nbsp;<\/p>\n\n\n\n<p>In sostanza AAROI-EMAC vuole programmazione e non pi\u00f9 approssimazione.<\/p>\n\n\n\n<p><em>Dr Marco Chiarello<br>Presidente AAROI-EMAC Marche&nbsp;<\/em><\/p>\n","protected":false},"excerpt":{"rendered":"<p>COVID Fiera a Civitanova \u00e8 vuoto. Chiude, viene sanificato e sar\u00e0 destinato ad una funzione interregionale in previsione di nuovo picco pandemico o a sostegno di eventuali maxiemergenze. \u00c8 tutto finito? Decisamente NO!<\/p>\n","protected":false},"author":35358,"featured_media":17443,"comment_status":"closed","ping_status":"closed","sticky":false,"template":"","format":"standard","meta":{"_links_to":"","_links_to_target":""},"categories":[646,39],"tags":[649],"_links":{"self":[{"href":"https:\/\/www.aaroiemac.it\/notizie\/index.php?rest_route=\/wp\/v2\/posts\/17440"}],"collection":[{"href":"https:\/\/www.aaroiemac.it\/notizie\/index.php?rest_route=\/wp\/v2\/posts"}],"about":[{"href":"https:\/\/www.aaroiemac.it\/notizie\/index.php?rest_route=\/wp\/v2\/types\/post"}],"author":[{"embeddable":true,"href":"https:\/\/www.aaroiemac.it\/notizie\/index.php?rest_route=\/wp\/v2\/users\/35358"}],"replies":[{"embeddable":true,"href":"https:\/\/www.aaroiemac.it\/notizie\/index.php?rest_route=%2Fwp%2Fv2%2Fcomments&post=17440"}],"version-history":[{"count":2,"href":"https:\/\/www.aaroiemac.it\/notizie\/index.php?rest_route=\/wp\/v2\/posts\/17440\/revisions"}],"predecessor-version":[{"id":17444,"href":"https:\/\/www.aaroiemac.it\/notizie\/index.php?rest_route=\/wp\/v2\/posts\/17440\/revisions\/17444"}],"wp:featuredmedia":[{"embeddable":true,"href":"https:\/\/www.aaroiemac.it\/notizie\/index.php?rest_route=\/wp\/v2\/media\/17443"}],"wp:attachment":[{"href":"https:\/\/www.aaroiemac.it\/notizie\/index.php?rest_route=%2Fwp%2Fv2%2Fmedia&parent=17440"}],"wp:term":[{"taxonomy":"category","embeddable":true,"href":"https:\/\/www.aaroiemac.it\/notizie\/index.php?rest_route=%2Fwp%2Fv2%2Fcategories&post=17440"},{"taxonomy":"post_tag","embeddable":true,"href":"https:\/\/www.aaroiemac.it\/notizie\/index.php?rest_route=%2Fwp%2Fv2%2Ftags&post=17440"}],"curies":[{"name":"wp","href":"https:\/\/api.w.org\/{rel}","templated":true}]}}