{"id":17473,"date":"2020-06-17T10:56:51","date_gmt":"2020-06-17T08:56:51","guid":{"rendered":"https:\/\/aaroiemac.cloud\/notizie\/?p=17473"},"modified":"2020-07-08T11:15:57","modified_gmt":"2020-07-08T09:15:57","slug":"responsabilita-professionale-e-covid-19-vergallo-fare-subito-e-bene","status":"publish","type":"post","link":"https:\/\/www.aaroiemac.it\/notizie\/?p=17473","title":{"rendered":"Responsabilit\u00e0 professionale e Covid-19: subito e bene"},"content":{"rendered":"\n<p>Nell\u00b4articolo di&nbsp;Sanit\u00e0 Informazione&nbsp;le dichiarazioni del PresIdente Nazionale AAROI-EMAC,&nbsp;Alessandro Vergallo.<\/p>\n\n\n\n<p>\u00abOccorre uno scudo penale proprio per la situazione di caos che si \u00e8 creata che non ha consentito l\u2019esatta esecuzione di protocolli o di procedure standardizzate: dall\u2019alto non sono arrivate direttive, quindi ci si \u00e8 dovuti \u2018inventare\u2019 le modalit\u00e0 per assistere questi pazienti.<\/p>\n\n\n\n<p>Quello che non ci \u00e8 piaciuto nelle prime proposte \u00e8 che lo scudo penale per la categoria professionale medica in realt\u00e0 mal celasse una sorta di non procedibilit\u00e0, di impossibilit\u00e0 di chiamare in causa il datore di lavoro in relazione alle dotazioni delle misure di sicurezza per gli operatori sanitari.<\/p>\n\n\n\n<p>Se ci sono state delle carenze i cittadini hanno correttamente diritto a un risarcimento in sede civile, ma di sicuro non possiamo essere chiamati noi a pagare le conseguenze di eventuali episodi ascrivibili a ipotesi di cattiva organizzazione.<\/p>\n\n\n\n<p>Nello scudo non devono essere incluse carenze sulla dotazione dei dispositivi di protezione individuale perch\u00e9 questo metterebbe il datore di lavoro in una condizione di non punibilit\u00e0 che ci sembra assolutamente fuori luogo. Sarebbe l\u2019ennesima ingiustizia: siamo stati chiamati ad andare a combattere in molti casi a mani nude e non avremmo neanche diritto di vedere riconosciuta l\u2019eventuale responsabilit\u00e0 di queste carenze.<\/p>\n\n\n\n<p>Bisogna fare presto: questo \u00e8 uno degli esempi in cui presto e bene devono essere obiettivi perseguibili nello stesso tempo\u00bb.<br><br><strong><a href=\"https:\/\/www.sanitainformazione.it\/lavoro\/responsabilita-professionale-e-covid-19-come-proteggere-medici-e-operatori-reazioni-e-proposte-dal-mondo-della-sanita\/\" target=\"_blank\" rel=\"noreferrer noopener\">Leggi l\u00b4articolo integrale<\/a><\/strong><\/p>\n","protected":false},"excerpt":{"rendered":"<p>Nell&#8217;articolo di Sanit\u00e0 Informazione le dichiarazioni del PresIdente Nazionale AAROI-EMAC, Alessandro Vergallo. Bisogna fare presto: questo \u00e8 uno degli esempi in cui presto e bene devono essere obiettivi perseguibili nello stesso tempo.<\/p>\n","protected":false},"author":35358,"featured_media":17474,"comment_status":"closed","ping_status":"closed","sticky":false,"template":"","format":"standard","meta":{"_links_to":"","_links_to_target":""},"categories":[644,28],"tags":[684,654],"_links":{"self":[{"href":"https:\/\/www.aaroiemac.it\/notizie\/index.php?rest_route=\/wp\/v2\/posts\/17473"}],"collection":[{"href":"https:\/\/www.aaroiemac.it\/notizie\/index.php?rest_route=\/wp\/v2\/posts"}],"about":[{"href":"https:\/\/www.aaroiemac.it\/notizie\/index.php?rest_route=\/wp\/v2\/types\/post"}],"author":[{"embeddable":true,"href":"https:\/\/www.aaroiemac.it\/notizie\/index.php?rest_route=\/wp\/v2\/users\/35358"}],"replies":[{"embeddable":true,"href":"https:\/\/www.aaroiemac.it\/notizie\/index.php?rest_route=%2Fwp%2Fv2%2Fcomments&post=17473"}],"version-history":[{"count":3,"href":"https:\/\/www.aaroiemac.it\/notizie\/index.php?rest_route=\/wp\/v2\/posts\/17473\/revisions"}],"predecessor-version":[{"id":17477,"href":"https:\/\/www.aaroiemac.it\/notizie\/index.php?rest_route=\/wp\/v2\/posts\/17473\/revisions\/17477"}],"wp:featuredmedia":[{"embeddable":true,"href":"https:\/\/www.aaroiemac.it\/notizie\/index.php?rest_route=\/wp\/v2\/media\/17474"}],"wp:attachment":[{"href":"https:\/\/www.aaroiemac.it\/notizie\/index.php?rest_route=%2Fwp%2Fv2%2Fmedia&parent=17473"}],"wp:term":[{"taxonomy":"category","embeddable":true,"href":"https:\/\/www.aaroiemac.it\/notizie\/index.php?rest_route=%2Fwp%2Fv2%2Fcategories&post=17473"},{"taxonomy":"post_tag","embeddable":true,"href":"https:\/\/www.aaroiemac.it\/notizie\/index.php?rest_route=%2Fwp%2Fv2%2Ftags&post=17473"}],"curies":[{"name":"wp","href":"https:\/\/api.w.org\/{rel}","templated":true}]}}