{"id":19692,"date":"2020-10-29T13:15:10","date_gmt":"2020-10-29T12:15:10","guid":{"rendered":"https:\/\/www.aaroiemac.it\/notizie\/?p=19692"},"modified":"2021-02-05T15:58:55","modified_gmt":"2021-02-05T14:58:55","slug":"reclutamento-anestesisti-rianimatori-ospedale-fiera-milano-la-regione-non-ascolta","status":"publish","type":"post","link":"https:\/\/www.aaroiemac.it\/notizie\/?p=19692","title":{"rendered":"Reclutamento AR Ospedale Fiera Milano, Regione non ascolta"},"content":{"rendered":"\n<p>Al momento nessuna disponibilit\u00e0 al dialogo, ma solo ipotesi inaccettabili per il reclutamento di Anestesisti Rianimatori per l\u2019Ospedale Fiera Milano. A denunciarlo \u00e8 l\u2019AAROI-EMAC Lombardia che dopo un incontro con i vertici della sanit\u00e0 lombarda \u00e8 pronta a proclamare lo stato di agitazione della categoria.<\/p>\n\n\n\n<p>\u201c<em>La nostra impressione \u00e8 che Regione Lombardia non sia minimamente disponibile a prendere in considerazione le nostre proposte<\/em> \u2013 afferma Cristina Mascheroni, Presidente AAROI-EMAC Lombardia \u2013, <em>nonostante siano state da noi messe a punto per garantire il funzionamento dell\u2019Ospedale, tutelando, al contempo, sia i Colleghi sia i Pazienti ricoverati in Rianimazione. Richieste che, a nostro avviso, coniugano la risposta alle attuali necessit\u00e0 sanitarie dovute all\u2019emergenza con la volont\u00e0 di preservare professionisti fin troppo provati da mesi di super lavoro<\/em>\u201d.<\/p>\n\n\n\n<p><strong>Le proposte dell\u2019AAROI-EMAC Lombardia sono:<\/strong><br>&#8211; Adesione volontaria degli Anestesisti Rianimatori;<br>&#8211; Ricovero in Rianimazione in Fiera dei Pazienti per i quali prevedibilmente non debba esserci il supporto di quei Servizi Ospedalieri di cui l\u2019Ospedale in Fiera \u00e8 sprovvisto, incluse le Sale Operatorie;<br>&#8211; Orario di lavoro giornaliero di max 8 ore, con adeguata rotazione della turnistica del personale, in modo che ad ogni Medico sia garantita la fruizione di adeguati riposi, considerata anche la gravosit\u00e0 del lavoro con le tute protettive, oltre che con gli altri DPI previsti per i Reparti ad alto rischio di contagio;<br>&#8211; Sistemazione alberghiera, a richiesta, che consenta un adeguato isolamento dal proprio nucleo familiare qualora difficoltoso o impossibile da attuare a domicilio;<br>&#8211; Tamponi a scadenze fisse, e comunque prima di tornare in famiglia dopo il periodo lavorato in Fiera;<br>&#8211; Un trattamento di trasferta adeguato, secondo le norme contrattuali.<\/p>\n\n\n\n<p>\u201c<em>Regione Lombardia<\/em> \u2013 prosegue Mascheroni \u2013 <em>oltre a non mostrarsi disponibile al confronto, ha dichiarato di essere pronta<\/em> <em>a reclutare gli Anestesisti Rianimatori anche attraverso ordini di servizio coattivi. Una simile decisione rappresenterebbe un vero e proprio schiaffo ai Medici che hanno dato il massimo e anche di pi\u00f9 nella scorsa primavera, e che non possono pagare lo scotto di una altrui pianificazione tardiva. A tutto ci\u00f2 si aggiunge che la tanto decantata premialit\u00e0 promessa dalla Regione per ristorare il disagio del lavoratore in un tal contesto, allo stato attuale, non esiste, forse \u2013 ci dicono \u2013 verr\u00e0 prevista solo dopo aver chiesto al Governo di aumentare i fondi dati alla Regione\u201d.<\/em><\/p>\n\n\n\n<p>\u201c<em>Soltanto ventilare l\u2019ipotesi di procedere con simili ordini di servizio \u00e8 molto grave<\/em> \u2013 aggiunge Alessandro Vergallo, Presidente Nazionale AAROI-EMAC \u2013. <em>Un\u2019eventualit\u00e0 a cui abbiamo intenzione di opporci con fermezza, anche perch\u00e9 rappresenterebbe un precedente vessatorio al quale anche altre Regioni potrebbero pensare di ricorrere, come gi\u00e0 ci segnalano da altre zone d\u2019Italia. <strong>Ovunque una tal iniziativa si verificasse, siamo pronti a proclamare lo stato agitazione non solo in Lombardia ma a livello nazionale<\/strong>\u201d<\/em>.<\/p>\n","protected":false},"excerpt":{"rendered":"<p>Al momento nessuna disponibilit\u00e0 al dialogo, ma solo ipotesi inaccettabili per il reclutamento di Anestesisti Rianimatori per l\u2019Ospedale Fiera Milano. A denunciarlo \u00e8 l\u2019AAROI-EMAC Lombardia che dopo un incontro con i vertici della sanit\u00e0 lombarda \u00e8 pronta a proclamare lo stato di agitazione della categoria.<\/p>\n","protected":false},"author":35358,"featured_media":19695,"comment_status":"closed","ping_status":"closed","sticky":false,"template":"","format":"standard","meta":{"_links_to":"","_links_to_target":""},"categories":[68,646,38],"tags":[715,657],"_links":{"self":[{"href":"https:\/\/www.aaroiemac.it\/notizie\/index.php?rest_route=\/wp\/v2\/posts\/19692"}],"collection":[{"href":"https:\/\/www.aaroiemac.it\/notizie\/index.php?rest_route=\/wp\/v2\/posts"}],"about":[{"href":"https:\/\/www.aaroiemac.it\/notizie\/index.php?rest_route=\/wp\/v2\/types\/post"}],"author":[{"embeddable":true,"href":"https:\/\/www.aaroiemac.it\/notizie\/index.php?rest_route=\/wp\/v2\/users\/35358"}],"replies":[{"embeddable":true,"href":"https:\/\/www.aaroiemac.it\/notizie\/index.php?rest_route=%2Fwp%2Fv2%2Fcomments&post=19692"}],"version-history":[{"count":4,"href":"https:\/\/www.aaroiemac.it\/notizie\/index.php?rest_route=\/wp\/v2\/posts\/19692\/revisions"}],"predecessor-version":[{"id":19699,"href":"https:\/\/www.aaroiemac.it\/notizie\/index.php?rest_route=\/wp\/v2\/posts\/19692\/revisions\/19699"}],"wp:featuredmedia":[{"embeddable":true,"href":"https:\/\/www.aaroiemac.it\/notizie\/index.php?rest_route=\/wp\/v2\/media\/19695"}],"wp:attachment":[{"href":"https:\/\/www.aaroiemac.it\/notizie\/index.php?rest_route=%2Fwp%2Fv2%2Fmedia&parent=19692"}],"wp:term":[{"taxonomy":"category","embeddable":true,"href":"https:\/\/www.aaroiemac.it\/notizie\/index.php?rest_route=%2Fwp%2Fv2%2Fcategories&post=19692"},{"taxonomy":"post_tag","embeddable":true,"href":"https:\/\/www.aaroiemac.it\/notizie\/index.php?rest_route=%2Fwp%2Fv2%2Ftags&post=19692"}],"curies":[{"name":"wp","href":"https:\/\/api.w.org\/{rel}","templated":true}]}}