{"id":20041,"date":"2020-11-19T14:36:35","date_gmt":"2020-11-19T13:36:35","guid":{"rendered":"https:\/\/www.aaroiemac.it\/notizie\/?p=20041"},"modified":"2020-11-27T14:58:28","modified_gmt":"2020-11-27T13:58:28","slug":"intersindacale-positivo-incontro-con-speranza","status":"publish","type":"post","link":"https:\/\/www.aaroiemac.it\/notizie\/?p=20041","title":{"rendered":"Intersindacale: positivo incontro con Speranza"},"content":{"rendered":"\n<p>L\u2019intersindacale medica, sanitaria e veterinaria giudica altamente positivo l\u2019incontro appena concluso con il Ministro della Salute, On. Roberto Speranza, ringraziandolo in premessa per aver riconosciuto sia l\u2019abnegazione e il senso del dovere dei medici e dei dirigenti sanitari del SSN Ospedaliero durante l\u2019epidemia con lo stanziamento di 500 milioni di euro nella Legge di bilancio per il 2021 finalizzato all\u2019incremento dell\u2019indennit\u00e0 di esclusivit\u00e0, sia il fondamentale ruolo delle Organizzazioni Sindacali che li rappresentano non solo sotto il profilo sindacale, ma anche sul piano professionale dell&#8217;apporto collaborativo, senza riserve, che essi continuano a dare alla governance di sistema.<\/p>\n\n\n\n<p>Il Ministro ha poi accolto favorevolmente i passaggi pi\u00f9 urgenti contenuti nel documento unitario che mirano a valorizzare le competenze e la professionalit\u00e0 delle categorie impegnate nella lotta alla pandemia e alle criticit\u00e0 che la pandemia lascer\u00e0 comunque sul terreno una volta debellata:<\/p>\n\n\n\n<ul><li>Immediata apertura del confronto sul CCNL 2019\/2021<\/li><li>Istituzione attraverso apposita previsione legislativa di una indennit\u00e0 di rischio biologico<\/li><li>De-tassazione degli incrementi contrattuali e del lavoro aggiuntivo<\/li><li>Stabilizzazione nel CCNL di tutto il personale precario<\/li><li>Nuove assunzioni rientranti nel CCNL invece che in contratti atipici<\/li><li>Adeguamento ai fabbisogni di personale del numero dei contratti di formazione specialistica di Medici, Veterinari e Dirigenti sanitari ed istituzione del contratto a tempo determinato di formazione-lavoro per tutti gli specializzandi<\/li><li>Aumento delle ore lavorate, notturne e festive, nel sistema 118<\/li><li>Tutela giudiziaria per il personale sanitario<\/li><li>Riconoscimento di uno stato giuridico di vera \u201cdirigenza speciale\u201d<\/li><li>Incremento dell&#8217;assistenza sanitaria ospedaliera e dei posti letto e dei Livelli Essenziali di Assistenza territoriali.<\/li><\/ul>\n\n\n\n<p>L\u2019Intersindacale ha inoltre recepito dal Ministro l&#8217;impegno ad un confronto pi\u00f9 continuativo mettendo a disposizione le prerogative sindacali oltrech\u00e9 le competenze professionali indispensabili per il contrasto alla pandemia e per definire i passaggi necessari al rinnovamento e al rilancio del Ssn.<\/p>\n\n\n\n<p><a href=\"https:\/\/www.aaroiemac.it\/notizie\/wp-content\/uploads\/2020\/11\/201119_DocumentoIntersindacale.pdf\" target=\"_blank\" rel=\"noreferrer noopener\"><strong>Leggi il Documento <\/strong><\/a><\/p>\n","protected":false},"excerpt":{"rendered":"<p>L\u2019intersindacale medica, sanitaria e veterinaria giudica altamente positivo l\u2019incontro appena concluso con il Ministro della Salute, On. Roberto Speranza.<\/p>\n<p>Leggi il Documento Intersindacale presentato al Ministro.<\/p>\n","protected":false},"author":35358,"featured_media":20043,"comment_status":"closed","ping_status":"closed","sticky":false,"template":"","format":"standard","meta":{"_links_to":"","_links_to_target":""},"categories":[644,51],"tags":[],"_links":{"self":[{"href":"https:\/\/www.aaroiemac.it\/notizie\/index.php?rest_route=\/wp\/v2\/posts\/20041"}],"collection":[{"href":"https:\/\/www.aaroiemac.it\/notizie\/index.php?rest_route=\/wp\/v2\/posts"}],"about":[{"href":"https:\/\/www.aaroiemac.it\/notizie\/index.php?rest_route=\/wp\/v2\/types\/post"}],"author":[{"embeddable":true,"href":"https:\/\/www.aaroiemac.it\/notizie\/index.php?rest_route=\/wp\/v2\/users\/35358"}],"replies":[{"embeddable":true,"href":"https:\/\/www.aaroiemac.it\/notizie\/index.php?rest_route=%2Fwp%2Fv2%2Fcomments&post=20041"}],"version-history":[{"count":2,"href":"https:\/\/www.aaroiemac.it\/notizie\/index.php?rest_route=\/wp\/v2\/posts\/20041\/revisions"}],"predecessor-version":[{"id":20046,"href":"https:\/\/www.aaroiemac.it\/notizie\/index.php?rest_route=\/wp\/v2\/posts\/20041\/revisions\/20046"}],"wp:featuredmedia":[{"embeddable":true,"href":"https:\/\/www.aaroiemac.it\/notizie\/index.php?rest_route=\/wp\/v2\/media\/20043"}],"wp:attachment":[{"href":"https:\/\/www.aaroiemac.it\/notizie\/index.php?rest_route=%2Fwp%2Fv2%2Fmedia&parent=20041"}],"wp:term":[{"taxonomy":"category","embeddable":true,"href":"https:\/\/www.aaroiemac.it\/notizie\/index.php?rest_route=%2Fwp%2Fv2%2Fcategories&post=20041"},{"taxonomy":"post_tag","embeddable":true,"href":"https:\/\/www.aaroiemac.it\/notizie\/index.php?rest_route=%2Fwp%2Fv2%2Ftags&post=20041"}],"curies":[{"name":"wp","href":"https:\/\/api.w.org\/{rel}","templated":true}]}}