{"id":20138,"date":"2020-11-23T15:59:55","date_gmt":"2020-11-23T14:59:55","guid":{"rendered":"https:\/\/www.aaroiemac.it\/notizie\/?p=20138"},"modified":"2020-11-23T15:59:58","modified_gmt":"2020-11-23T14:59:58","slug":"covid-in-calabria-ce-una-calma-apparente","status":"publish","type":"post","link":"https:\/\/www.aaroiemac.it\/notizie\/?p=20138","title":{"rendered":"Covid. In Calabria c\u2019\u00e8 una calma apparente"},"content":{"rendered":"\n<p>La lettera del Dr Domenico Minniti, Presidente AAROI-EMAC Calabria, al Direttore di Quotidiano Sanit\u00e0.<\/p>\n\n\n\n<p><br>&#8220;In Calabria, in questo momento, sul versante Covid-19, una calma relativa. Ma solo apparente. Riguardo ai posti di terapia intensiva, infatti, la curva del rapporto di occupazione Posti Letto Covid\/Posti Letto Totali si \u00e8 appiattita, assestandosi su una media, calcolata negli ultimi sette giorni, pari al 34,1% (MAX 39,8 &#8211; MIN 31,9).<br>Questo valore, nonostante il numero dei contagi aumenti e quello dei ricoveri in terapia intensiva resti stabile, \u00e8 in leggera flessione grazie all\u2019apertura di nuovi posti letto di terapia intensiva.<br>Ci\u00f2 non deve per\u00f2 indurre a commettere lo stesso errore della prima fase, cio\u00e8 quello di sedersi sugli allori.<br>Se si eccettua infatti l\u2019apertura della Terapia Intensiva Postoperatoria del Grande Ospedale Metropolitano \u2013 al cui management va il mio plauso per l\u2019efficacia, l&#8217;efficienza e l\u2019economicit\u00e0 dell\u2019azione svolta \u2013 a tutt\u2019oggi l\u2019incremento del numero di posti di terapia intensiva \u00e8 stato solo funzionale e non strutturale come invece la vigente normativa (DL 34\/2020, articolo 2) gi\u00e0 dal mese di maggio aveva prescritto. Ci\u00f2 significa che, permanendo questo tipo di strategia di contrasto al SARS Cov-2, alla fine dell\u2019emergenza, la Calabria si trover\u00e0 a contare un numero di posti di terapia intensiva assolutamente insufficiente rispetto alle ordinarie necessit\u00e0&#8221;.<br>\u2026<br>Leggi l&#8217;articolo <\/p>\n\n\n\n<p><a href=\"http:\/\/www.quotidianosanita.it\/lettere-al-direttore\/articolo.php?articolo_id=90204\" target=\"_blank\" rel=\"noreferrer noopener\"><strong>Quotidiano Sanit\u00e0<\/strong><\/a><\/p>\n","protected":false},"excerpt":{"rendered":"<p>La lettera del Dr Domenico Minniti, Presidente AAROI-EMAC Calabria, al Direttore di Quotidiano Sanit\u00e0.<\/p>\n","protected":false},"author":35358,"featured_media":17500,"comment_status":"closed","ping_status":"closed","sticky":false,"template":"","format":"standard","meta":{"_links_to":"","_links_to_target":""},"categories":[32,646],"tags":[],"_links":{"self":[{"href":"https:\/\/www.aaroiemac.it\/notizie\/index.php?rest_route=\/wp\/v2\/posts\/20138"}],"collection":[{"href":"https:\/\/www.aaroiemac.it\/notizie\/index.php?rest_route=\/wp\/v2\/posts"}],"about":[{"href":"https:\/\/www.aaroiemac.it\/notizie\/index.php?rest_route=\/wp\/v2\/types\/post"}],"author":[{"embeddable":true,"href":"https:\/\/www.aaroiemac.it\/notizie\/index.php?rest_route=\/wp\/v2\/users\/35358"}],"replies":[{"embeddable":true,"href":"https:\/\/www.aaroiemac.it\/notizie\/index.php?rest_route=%2Fwp%2Fv2%2Fcomments&post=20138"}],"version-history":[{"count":1,"href":"https:\/\/www.aaroiemac.it\/notizie\/index.php?rest_route=\/wp\/v2\/posts\/20138\/revisions"}],"predecessor-version":[{"id":20139,"href":"https:\/\/www.aaroiemac.it\/notizie\/index.php?rest_route=\/wp\/v2\/posts\/20138\/revisions\/20139"}],"wp:featuredmedia":[{"embeddable":true,"href":"https:\/\/www.aaroiemac.it\/notizie\/index.php?rest_route=\/wp\/v2\/media\/17500"}],"wp:attachment":[{"href":"https:\/\/www.aaroiemac.it\/notizie\/index.php?rest_route=%2Fwp%2Fv2%2Fmedia&parent=20138"}],"wp:term":[{"taxonomy":"category","embeddable":true,"href":"https:\/\/www.aaroiemac.it\/notizie\/index.php?rest_route=%2Fwp%2Fv2%2Fcategories&post=20138"},{"taxonomy":"post_tag","embeddable":true,"href":"https:\/\/www.aaroiemac.it\/notizie\/index.php?rest_route=%2Fwp%2Fv2%2Ftags&post=20138"}],"curies":[{"name":"wp","href":"https:\/\/api.w.org\/{rel}","templated":true}]}}