{"id":22319,"date":"2021-02-22T10:21:21","date_gmt":"2021-02-22T09:21:21","guid":{"rendered":"https:\/\/www.aaroiemac.it\/notizie\/?p=22319"},"modified":"2021-02-22T10:23:18","modified_gmt":"2021-02-22T09:23:18","slug":"lintervista-del-dr-minniti-sulla-gazzetta-del-sud","status":"publish","type":"post","link":"https:\/\/www.aaroiemac.it\/notizie\/?p=22319","title":{"rendered":"L&#8217;intervista del Dr Minniti sulla Gazzetta del Sud"},"content":{"rendered":"\n<p>L&#8217;intervista del Presidente AAROI-EMAC Calabria, Dr Domenico Minniti, su La Gazzetta del Sud:<\/p>\n\n\n\n<p>\u00abAl di l\u00e0 degli inconsistenti proclami, del balletto di numeri dati a casaccio e senza verifica alcuna sulla reale disponibilit\u00e0 di posti letto di Terapia intensiva, rispetto alla scorsa estate, non \u00e8 cambiato, ahim\u00e8, assolutamente nulla. Eppure, norme nazionali e regionali hanno ben codificato le dimensioni degli interventi che si sarebbero dovuti effettuare\u00bb.<\/p>\n\n\n\n<p>&#8230;<\/p>\n\n\n\n<p><a href=\"https:\/\/calabria.gazzettadelsud.it\/articoli\/cronaca\/2021\/02\/21\/terapie-intensive-anno-zero-la-calabria-ancora-in-affanno-164373e6-83fc-4fe6-be53-864d0ff74e1b\/\"><strong>Leggi l&#8217;articolo online<\/strong><\/a><br><a href=\"https:\/\/www.aaroiemac.it\/notizie\/wp-content\/uploads\/2021\/02\/210221_Gazzetta_del_Sud_ed._Reggio_Calabria.pdf\" target=\"_blank\" rel=\"noreferrer noopener\"><strong>Leggi l&#8217;articolo sul quotidiano<\/strong><\/a><\/p>\n","protected":false},"excerpt":{"rendered":"<p>L&#8217;intervista del Presidente AAROI-EMAC Calabria, Dr Domenico Minniti, su La Gazzetta del Sud: \u00abAl di l\u00e0 degli inconsistenti proclami, del balletto di numeri dati a casaccio e senza verifica alcuna sulla reale disponibilit\u00e0 di posti letto di Terapia intensiva, rispetto alla scorsa estate, non \u00e8 cambiato, ahim\u00e8, assolutamente nulla. Eppure, norme nazionali e regionali hanno [&hellip;]<\/p>\n","protected":false},"author":35358,"featured_media":22323,"comment_status":"closed","ping_status":"closed","sticky":false,"template":"","format":"standard","meta":{"_links_to":"","_links_to_target":""},"categories":[32,646],"tags":[663],"_links":{"self":[{"href":"https:\/\/www.aaroiemac.it\/notizie\/index.php?rest_route=\/wp\/v2\/posts\/22319"}],"collection":[{"href":"https:\/\/www.aaroiemac.it\/notizie\/index.php?rest_route=\/wp\/v2\/posts"}],"about":[{"href":"https:\/\/www.aaroiemac.it\/notizie\/index.php?rest_route=\/wp\/v2\/types\/post"}],"author":[{"embeddable":true,"href":"https:\/\/www.aaroiemac.it\/notizie\/index.php?rest_route=\/wp\/v2\/users\/35358"}],"replies":[{"embeddable":true,"href":"https:\/\/www.aaroiemac.it\/notizie\/index.php?rest_route=%2Fwp%2Fv2%2Fcomments&post=22319"}],"version-history":[{"count":2,"href":"https:\/\/www.aaroiemac.it\/notizie\/index.php?rest_route=\/wp\/v2\/posts\/22319\/revisions"}],"predecessor-version":[{"id":22325,"href":"https:\/\/www.aaroiemac.it\/notizie\/index.php?rest_route=\/wp\/v2\/posts\/22319\/revisions\/22325"}],"wp:featuredmedia":[{"embeddable":true,"href":"https:\/\/www.aaroiemac.it\/notizie\/index.php?rest_route=\/wp\/v2\/media\/22323"}],"wp:attachment":[{"href":"https:\/\/www.aaroiemac.it\/notizie\/index.php?rest_route=%2Fwp%2Fv2%2Fmedia&parent=22319"}],"wp:term":[{"taxonomy":"category","embeddable":true,"href":"https:\/\/www.aaroiemac.it\/notizie\/index.php?rest_route=%2Fwp%2Fv2%2Fcategories&post=22319"},{"taxonomy":"post_tag","embeddable":true,"href":"https:\/\/www.aaroiemac.it\/notizie\/index.php?rest_route=%2Fwp%2Fv2%2Ftags&post=22319"}],"curies":[{"name":"wp","href":"https:\/\/api.w.org\/{rel}","templated":true}]}}