{"id":22566,"date":"2021-03-06T12:43:44","date_gmt":"2021-03-06T11:43:44","guid":{"rendered":"https:\/\/www.aaroiemac.it\/notizie\/?p=22566"},"modified":"2021-03-13T09:45:33","modified_gmt":"2021-03-13T08:45:33","slug":"continua-lallarme-rosso-degli-anestesisti-rianimatori-marchigiani","status":"publish","type":"post","link":"https:\/\/www.aaroiemac.it\/notizie\/?p=22566","title":{"rendered":"Continua l&#8217;allarme rosso degli Anestesisti Rianimatori marchigiani!!!"},"content":{"rendered":"\n<p><strong><u>120<\/u><\/strong>: i Posti Letto (PL) delle Rianimazioni (RTI) marchigiane prima della pandemia.<\/p>\n\n\n\n<p><strong><u>216<\/u><\/strong>: i PL delle RTI ad oggi utilizzabili per tutti i Pazienti critici affetti da qualsiasi patologia;<\/p>\n\n\n\n<p><strong><u>96<\/u><\/strong>: l\u2019incremento dei PL delle RTI operato dalla regione in applicazione al Decreto 34 del maggio 2020, per un totale dell\u201980% rispetto ai 105 previsti.<\/p>\n\n\n\n<p><strong><u>236<\/u><\/strong>: i PL delle RTI utilizzabili a breve, quando Torrette avr\u00e0 completato l\u2019ampliamento di 20 PL, per un totale di + 116 PL, in attuazione del decreto 34.<\/p>\n\n\n\n<p><strong><u>78<\/u><\/strong>: gli A\/R che mancano. All\u2019aumento strutturale degli attuali 116 PL delle RTI marchigiane deve corrispondere un incremento del n\u00b0 di Anestesisti Rianimatori (A\/R) in dotazione organica (come da decreto ministeriale: 1 A\/R presente h\/24, mediamente per 8 PL incrementati, pari a 5,6 A\/R che garantiscono turnando la copertura delle 24 ore, per un totale di 14 gruppi di 8 PL incrementati x 5,6 = <strong><u>78 A\/R<\/u><\/strong>): ad oggi nessun incremento strutturale!<\/p>\n\n\n\n<p>La risposta clinica degli A\/R \u00e8 legata all\u2019inserimento nel sistema degli specializzandi IV\u00b0 e V\u00b0 anno (circa 20) e dei medici pensionati rientrati (circa 15). 35 specialisti che riescono solo a mitigare il deficit di organico cronico pari a 40 dirigenti.<\/p>\n\n\n\n<p>Impossibile trovare altri specialisti; vedremo i risultati dell\u2019aumento nazionale delle borse di studio fra tre anni! L\u2019unica possibilit\u00e0 \u00e8 modulare la risposta sanitaria dirottando A\/R nelle RTI per fare fronte alla perdurante ondata di ricoveri per Pazienti COVID, sospendendo o riducendo l\u2019attivit\u00e0 di sala operatoria programmata ed assicurando solo le urgenze e gli interventi per tumori.<\/p>\n\n\n\n<p>L\u2019andamento della pandemia, sul cui contenimento siamo sicuri sussista responsabilit\u00e0 ai pi\u00f9 alti vertici nazionali, non frena; ad oggi si \u00e8 raggiunto il picco di ricoveri in questa seconda ondata (92, pari al 42% dell\u2019occupazione dei PL in RTI disponibili per Pazienti COVID), cos\u00ec distribuiti:<\/p>\n\n\n\n<ol type=\"1\"><li>PESARO&nbsp;&nbsp;&nbsp;&nbsp;&nbsp;&nbsp;&nbsp;&nbsp;&nbsp;&nbsp;&nbsp;&nbsp;&nbsp;&nbsp;&nbsp;&nbsp;&nbsp;&nbsp;&nbsp;&nbsp;&nbsp;&nbsp;&nbsp;&nbsp;&nbsp; 28 PAZIENTI<\/li><li>TORRETTE&nbsp;&nbsp;&nbsp;&nbsp;&nbsp;&nbsp;&nbsp;&nbsp;&nbsp;&nbsp;&nbsp;&nbsp;&nbsp;&nbsp;&nbsp;&nbsp;&nbsp;&nbsp;&nbsp;&nbsp;&nbsp; 20 PAZIENTI<\/li><li>PEDIATRICA&nbsp;&nbsp;&nbsp;&nbsp;&nbsp;&nbsp;&nbsp;&nbsp;&nbsp;&nbsp;&nbsp;&nbsp;&nbsp;&nbsp;&nbsp;&nbsp;&nbsp;&nbsp;&nbsp; 1 PAZIENTE<\/li><li>JESI&nbsp;&nbsp;&nbsp;&nbsp;&nbsp;&nbsp;&nbsp;&nbsp;&nbsp;&nbsp;&nbsp;&nbsp;&nbsp;&nbsp;&nbsp;&nbsp;&nbsp;&nbsp;&nbsp;&nbsp;&nbsp;&nbsp;&nbsp;&nbsp;&nbsp;&nbsp;&nbsp;&nbsp;&nbsp;&nbsp;&nbsp;13 PAZIENTI<\/li><li>COVID CIVITANOVA&nbsp;&nbsp;&nbsp;&nbsp;&nbsp;&nbsp;&nbsp;  14 PAZIENTI<\/li><li>FERMO&nbsp;&nbsp;&nbsp;&nbsp;&nbsp;&nbsp;&nbsp;&nbsp;&nbsp;&nbsp;&nbsp;&nbsp;&nbsp;&nbsp;&nbsp;&nbsp;&nbsp;&nbsp;&nbsp;&nbsp;&nbsp;&nbsp;&nbsp;&nbsp;&nbsp;&nbsp;&nbsp; 6 PAZIENTI<\/li><li>SAN BENEDETTO&nbsp;&nbsp;&nbsp;&nbsp;&nbsp;&nbsp;&nbsp;&nbsp;&nbsp;&nbsp;&nbsp; &nbsp;10 PAZIENTI<\/li><\/ol>\n\n\n\n<p class=\"has-text-align-right\"><em>(dati GORES e dei rappresentanti aziendali)<\/em><\/p>\n\n\n\n<p>Dai primi di novembre la % dei Pazienti COVID nelle RTI marchigiane \u00e8 variata dal 28% al 44%.<\/p>\n\n\n\n<p>Il quadro \u00e8 desolante. Ad esso sono contrapposte tre soluzioni:<\/p>\n\n\n\n<ol type=\"1\"><li>Abnegazione dei Colleghi (Direttori compresi), stanchi di un anno di attivit\u00e0 stravolta, con scomparsa dei riposi settimanali, delle ferie, del diritto contrattuale ad una \u201cnormale\u201d attivit\u00e0 professionale nei propri reparti, rispetto allo stress continuativo ed alla paura di non farcela, per il frapporsi delle necessit\u00e0 familiari a quelle deontologiche e professionali! Abnegazione dei Colleghi che lavorano puntualmente dal 1 gennaio 2021 in assenza del rinnovo dell\u2019accordo regionale incentivante per l\u2019attivit\u00e0 in aree COVID, scaduto il 31 dicembre 2020 (l\u2019Assessore Saltamartini ha assicurato ieri l\u2019attivazione rapida del tavolo sindacale!).<\/li><li>Piano vaccinale: tutti debbono vaccinarsi e tutti lo debbono fare nel minor tempo possibile!<\/li><li>Contenimento della diffusione attraverso norme regionali e nazionali!<\/li><\/ol>\n\n\n\n<p>Gli Anestesisti Rianimatori continueranno a fare la loro parte, trattando tutti i Pazienti critici che ne hanno bisogno e senza distinzione! L\u2019AAROI-EMAC osserver\u00e0 costantemente l\u2019azione governativa nazionale e regionale circa le decisioni strategiche per fare fronte alla pandemia e denuncer\u00e0 eventuali ritardi ed omissioni che stridono al confronto della perdurante e puntuale presenza dei Medici specialisti in Anestesia&nbsp; e Rianimazione a salvaguardia della corretta risposta clinica per i Pazienti ricoverati nei loro reparti.<\/p>\n\n\n\n<p><strong>Ancona, 6 marzo 2021&nbsp;&nbsp;&nbsp;&nbsp;&nbsp;&nbsp;&nbsp;&nbsp;&nbsp;&nbsp;&nbsp;<\/strong><\/p>\n\n\n\n<p class=\"has-text-align-right\"><strong>Il Presidente regionale AAROI-EMAC&nbsp;&nbsp;&nbsp;&nbsp;&nbsp;<\/strong><br><strong>Dr Marco Chiarello <\/strong>&nbsp;&nbsp;<\/p>\n","protected":false},"excerpt":{"rendered":"<p>Il punto della situazione nella Marche, nel testo del Dr Marco Chiarello, Presidente AAROI-EMAC Marche.<\/p>\n","protected":false},"author":35358,"featured_media":22567,"comment_status":"closed","ping_status":"closed","sticky":false,"template":"","format":"standard","meta":{"_links_to":"","_links_to_target":""},"categories":[646,39],"tags":[712,649,642],"_links":{"self":[{"href":"https:\/\/www.aaroiemac.it\/notizie\/index.php?rest_route=\/wp\/v2\/posts\/22566"}],"collection":[{"href":"https:\/\/www.aaroiemac.it\/notizie\/index.php?rest_route=\/wp\/v2\/posts"}],"about":[{"href":"https:\/\/www.aaroiemac.it\/notizie\/index.php?rest_route=\/wp\/v2\/types\/post"}],"author":[{"embeddable":true,"href":"https:\/\/www.aaroiemac.it\/notizie\/index.php?rest_route=\/wp\/v2\/users\/35358"}],"replies":[{"embeddable":true,"href":"https:\/\/www.aaroiemac.it\/notizie\/index.php?rest_route=%2Fwp%2Fv2%2Fcomments&post=22566"}],"version-history":[{"count":2,"href":"https:\/\/www.aaroiemac.it\/notizie\/index.php?rest_route=\/wp\/v2\/posts\/22566\/revisions"}],"predecessor-version":[{"id":22698,"href":"https:\/\/www.aaroiemac.it\/notizie\/index.php?rest_route=\/wp\/v2\/posts\/22566\/revisions\/22698"}],"wp:featuredmedia":[{"embeddable":true,"href":"https:\/\/www.aaroiemac.it\/notizie\/index.php?rest_route=\/wp\/v2\/media\/22567"}],"wp:attachment":[{"href":"https:\/\/www.aaroiemac.it\/notizie\/index.php?rest_route=%2Fwp%2Fv2%2Fmedia&parent=22566"}],"wp:term":[{"taxonomy":"category","embeddable":true,"href":"https:\/\/www.aaroiemac.it\/notizie\/index.php?rest_route=%2Fwp%2Fv2%2Fcategories&post=22566"},{"taxonomy":"post_tag","embeddable":true,"href":"https:\/\/www.aaroiemac.it\/notizie\/index.php?rest_route=%2Fwp%2Fv2%2Ftags&post=22566"}],"curies":[{"name":"wp","href":"https:\/\/api.w.org\/{rel}","templated":true}]}}