{"id":22570,"date":"2021-03-06T12:57:14","date_gmt":"2021-03-06T11:57:14","guid":{"rendered":"https:\/\/www.aaroiemac.it\/notizie\/?p=22570"},"modified":"2021-03-09T14:19:45","modified_gmt":"2021-03-09T13:19:45","slug":"aaroi-emac-lombardia-a-il-fatto-terapie-intensive-tornate-in-affanno","status":"publish","type":"post","link":"https:\/\/www.aaroiemac.it\/notizie\/?p=22570","title":{"rendered":"Mascheroni a Il Fatto: terapie intensive tornate in affanno"},"content":{"rendered":"\n<p>Le parole della Dottoressa Cristina Mascheroni, Presidente AAROI-EMAC Lombardia, nell&#8217;intervista de Il Fatto Quotidiano.<\/p>\n\n\n\n<p>\u00abGli effetti negli ospedali si stanno vedendo gi\u00e0, come spiega a Ilfattoquotidiano.it Cristina Mascheroni, anestesista dell&#8217;Asst Settelaghi e Presidente della sezione lombarda dell\u2019Associazione anestesisti rianimatori (Aaroi-Emac). \u201cLe terapie intensive sono tornate in affanno. La settimana scorsa l\u2019allarme \u00e8 stato alzato al livello 3 su 4 e tutti i grossi hub della Regione hanno ricominciato a convertire i posti letto per dedicarli ai pazienti Covid\u201d, dice al telefono. In alcune zone c\u2019\u00e8 ancora un \u201cmargine di posti liberi\u201d, come a Pavia, a Varese e in parte in Alta Valtellina. \u201cTutto il Bresciano invece \u00e8 forte difficolt\u00e0, cos\u00ec come la Franciacorta. Qui le rianimazioni sono piene e gi\u00e0 dal weekend hanno iniziato a trasferire i pazienti in Fiera a Milano\u201d. Una situazione che si sta allargando a macchia d\u2019olio \u201calla Monza Brianza, al Mantovano, a Cernusco, a Melegnano\u201d. Mascheroni non si \u00e8 affatto stupita quando ha appreso che nel giro di 24 ore la Regione ha deciso di chiudere tutte le scuole. L\u2019impressione \u00e8 che si stia cercando di \u201csalvare Milano. Se uniamo la contagiosit\u00e0 della variante britannica al fatto che la popolazione milanese si muove molto per lavoro e c\u2019\u00e8 un\u2019alta densit\u00e0 abitativa, si capisce benissimo qual \u00e8 la paura\u201c\u00bb.<\/p>\n\n\n\n<p>Leggi l&#8217;articolo integrale:<\/p>\n\n\n\n<p><a href=\"https:\/\/www.ilfattoquotidiano.it\/2021\/03\/05\/lombardia-la-grande-paura-per-milano-e-lallarme-dalle-terapie-intensive-con-la-variante-inglese-piu-pazienti-tra-i-40-e-i-60-anni\/6122281\/\"><strong>Il Fatto Quotidiano<\/strong><\/a><\/p>\n","protected":false},"excerpt":{"rendered":"<p>Le parole della Dottoressa Cristina Mascheroni, Presidente AAROI-EMAC Lombardia, nell&#8217;intervista de Il Fatto Quotidiano.<br \/>\n&#8220;Le terapie intensive sono tornate in affanno. La settimana scorsa l\u2019allarme \u00e8 stato alzato al livello 3 su 4&#8221;.<\/p>\n","protected":false},"author":35358,"featured_media":22571,"comment_status":"closed","ping_status":"closed","sticky":false,"template":"","format":"standard","meta":{"_links_to":"","_links_to_target":""},"categories":[644,38,28],"tags":[715,657],"_links":{"self":[{"href":"https:\/\/www.aaroiemac.it\/notizie\/index.php?rest_route=\/wp\/v2\/posts\/22570"}],"collection":[{"href":"https:\/\/www.aaroiemac.it\/notizie\/index.php?rest_route=\/wp\/v2\/posts"}],"about":[{"href":"https:\/\/www.aaroiemac.it\/notizie\/index.php?rest_route=\/wp\/v2\/types\/post"}],"author":[{"embeddable":true,"href":"https:\/\/www.aaroiemac.it\/notizie\/index.php?rest_route=\/wp\/v2\/users\/35358"}],"replies":[{"embeddable":true,"href":"https:\/\/www.aaroiemac.it\/notizie\/index.php?rest_route=%2Fwp%2Fv2%2Fcomments&post=22570"}],"version-history":[{"count":2,"href":"https:\/\/www.aaroiemac.it\/notizie\/index.php?rest_route=\/wp\/v2\/posts\/22570\/revisions"}],"predecessor-version":[{"id":22573,"href":"https:\/\/www.aaroiemac.it\/notizie\/index.php?rest_route=\/wp\/v2\/posts\/22570\/revisions\/22573"}],"wp:featuredmedia":[{"embeddable":true,"href":"https:\/\/www.aaroiemac.it\/notizie\/index.php?rest_route=\/wp\/v2\/media\/22571"}],"wp:attachment":[{"href":"https:\/\/www.aaroiemac.it\/notizie\/index.php?rest_route=%2Fwp%2Fv2%2Fmedia&parent=22570"}],"wp:term":[{"taxonomy":"category","embeddable":true,"href":"https:\/\/www.aaroiemac.it\/notizie\/index.php?rest_route=%2Fwp%2Fv2%2Fcategories&post=22570"},{"taxonomy":"post_tag","embeddable":true,"href":"https:\/\/www.aaroiemac.it\/notizie\/index.php?rest_route=%2Fwp%2Fv2%2Ftags&post=22570"}],"curies":[{"name":"wp","href":"https:\/\/api.w.org\/{rel}","templated":true}]}}