{"id":22913,"date":"2021-04-01T12:15:08","date_gmt":"2021-04-01T10:15:08","guid":{"rendered":"https:\/\/www.aaroiemac.it\/notizie\/?p=22913"},"modified":"2021-04-13T11:26:41","modified_gmt":"2021-04-13T09:26:41","slug":"aaroi-emac-a-tgcom24-3","status":"publish","type":"post","link":"https:\/\/www.aaroiemac.it\/notizie\/?p=22913","title":{"rendered":"AAROI-EMAC a TgCom24"},"content":{"rendered":"\n<p>Su TgCom24, il Dr Alessandro Vergallo, Presidente Nazionale AAROI-EMAC, \u00e8 intervenuto nella trasmissione Dentro i Fatti, contestualmente con il Sottosegretario alla Salute, Andrea Costa, sottolineando tra le altre cose che:<\/p>\n\n\n\n<p>&#8220;Nel breve periodo sar\u00e0 necessario potenziare i due settori pi\u00f9 critici degli ospedali che sono le Rianimazioni e i Pronto Soccorso, ossia i due reparti ospedalieri che pi\u00f9 di tutti hanno retto l&#8217;impatto della pandemia fin dallo scorso anno e anche con la seconda e la terza ondata nel 2021&#8221;.<\/p>\n\n\n\n<p>Guarda il video:<\/p>\n\n\n\n<figure class=\"wp-block-video\"><video controls src=\"https:\/\/www.aaroiemac.it\/notizie\/wp-content\/uploads\/2021\/04\/TgCom24-31-Marzo-2021.mov\"><\/video><\/figure>\n","protected":false},"excerpt":{"rendered":"<p>Su TgCom24, il Dr Alessandro Vergallo, Presidente Nazionale AAROI-EMAC, \u00e8 intervenuto nella trasmissione Dentro i Fatti.<\/p>\n","protected":false},"author":35358,"featured_media":22916,"comment_status":"closed","ping_status":"closed","sticky":false,"template":"","format":"standard","meta":{"_links_to":"","_links_to_target":""},"categories":[644,28],"tags":[758,654],"_links":{"self":[{"href":"https:\/\/www.aaroiemac.it\/notizie\/index.php?rest_route=\/wp\/v2\/posts\/22913"}],"collection":[{"href":"https:\/\/www.aaroiemac.it\/notizie\/index.php?rest_route=\/wp\/v2\/posts"}],"about":[{"href":"https:\/\/www.aaroiemac.it\/notizie\/index.php?rest_route=\/wp\/v2\/types\/post"}],"author":[{"embeddable":true,"href":"https:\/\/www.aaroiemac.it\/notizie\/index.php?rest_route=\/wp\/v2\/users\/35358"}],"replies":[{"embeddable":true,"href":"https:\/\/www.aaroiemac.it\/notizie\/index.php?rest_route=%2Fwp%2Fv2%2Fcomments&post=22913"}],"version-history":[{"count":1,"href":"https:\/\/www.aaroiemac.it\/notizie\/index.php?rest_route=\/wp\/v2\/posts\/22913\/revisions"}],"predecessor-version":[{"id":22917,"href":"https:\/\/www.aaroiemac.it\/notizie\/index.php?rest_route=\/wp\/v2\/posts\/22913\/revisions\/22917"}],"wp:featuredmedia":[{"embeddable":true,"href":"https:\/\/www.aaroiemac.it\/notizie\/index.php?rest_route=\/wp\/v2\/media\/22916"}],"wp:attachment":[{"href":"https:\/\/www.aaroiemac.it\/notizie\/index.php?rest_route=%2Fwp%2Fv2%2Fmedia&parent=22913"}],"wp:term":[{"taxonomy":"category","embeddable":true,"href":"https:\/\/www.aaroiemac.it\/notizie\/index.php?rest_route=%2Fwp%2Fv2%2Fcategories&post=22913"},{"taxonomy":"post_tag","embeddable":true,"href":"https:\/\/www.aaroiemac.it\/notizie\/index.php?rest_route=%2Fwp%2Fv2%2Ftags&post=22913"}],"curies":[{"name":"wp","href":"https:\/\/api.w.org\/{rel}","templated":true}]}}