{"id":23100,"date":"2021-04-14T11:29:43","date_gmt":"2021-04-14T09:29:43","guid":{"rendered":"https:\/\/www.aaroiemac.it\/notizie\/?p=23100"},"modified":"2024-10-29T15:34:09","modified_gmt":"2024-10-29T14:34:09","slug":"aaroi-emac-alle-regioni-qual-e-il-metodo-di-conteggio-dei-posti-letto-di-rianimazione","status":"publish","type":"post","link":"https:\/\/www.aaroiemac.it\/notizie\/?p=23100","title":{"rendered":"AAROI-EMAC alle Regioni: qual \u00e8 il metodo di conteggio dei Posti Letto di Rianimazione?"},"content":{"rendered":"\n<p>L\u2019AAROI-EMAC chiede alle Regioni di precisare quali siano i criteri utilizzati per calcolare i Posti Letto di Terapia Intensiva disponibili. Pi\u00f9 precisamente, l\u2019Associazione chiede di sapere se l\u2019attuale conteggio dei \u201cPL in Terapia Intensiva\u201d pubblicati sul portale Agenas comprenda o meno, per esempio, i lettini delle sale operatorie, che pur utilizzabili in estrema emergenza non sono evidentemente computabili tra tali posti letto.<\/p>\n\n\n\n<p>La richiesta, inviata al Presidente della Conferenza delle Regioni, ai Governatori e agli Assessori alla Sanit\u00e0, e per conoscenza al Ministro della Salute, segue alcuni recenti scontri d\u2019opinione che hanno coinvolto Rappresentanze Regionali AAROI-EMAC, relativi a criticit\u00e0 nei criteri di disponibilit\u00e0 dei Posti Letto di Terapia Intensiva, nei loro tassi di occupazione, nelle Dotazioni di Personale Medico e Infermieristico.<\/p>\n\n\n\n<p>Criticit\u00e0 che riguardano principalmente<\/p>\n\n\n\n<p>\u2022 taluni criteri che annoverano tra i posti letto di Terapia Intensiva (rectius: posti letto di Rianimazione) anche quei posti letto che sono definiti dalle corrispettive Amministrazioni Regionali come \u201cconvertibili\u201d, vale a dire \u2013 a quanto appare \u2013 ricavabili addirittura anche da lettini operatori;<\/p>\n\n\n\n<p>\u2022 talune esclusioni, dal computo dei pazienti degenti in Rianimazione, di quei pazienti che pur ricoverati in Reparti classificati \u201cad intermedia intensit\u00e0 di cura\u201d (rectius: Unit\u00e0 di Terapia Sub-Intensiva) sono in realt\u00e0 sottoposti a trattamenti terapeutici anche ma non solo respiratori di tipo intensivo, vale a dire p. es. che vi vengono ricoverati per essere intubati e ventilati meccanicamente, il che \u00e8 un trattamento invece riservato alle Rianimazioni;<\/p>\n\n\n\n<p>\u2022 talune organizzazioni del lavoro del personale medico ed infermieristico, in primis quanto alle rispettive dotazioni numeriche, non completamente rispondenti ai criteri di corretto dimensionamento di tali dotazioni organiche per le Rianimazioni.<\/p>\n\n\n\n<p>Rispetto a tali criticit\u00e0 <strong>l\u2019AAROI-EMAC sottolinea ancora una volta che i criteri di corretta definizione sono da sempre definiti anche per legge<\/strong>, e \u2013 anche sotto il profilo dell\u2019appropriatezza clinica \u2013 condivisi dall\u2019Associazione al suo livello nazionale, di cui le Rappresentanze Regionali e Aziendali sono una diretta declinazione.<\/p>\n\n\n\n<p>\u00abComprendiamo che la Pandemia \u2013 si legge nel documento \u2013 , sia nelle sue fasi iniziali risalenti allo scorso anno, sia nelle sue fasi odierne che perdurano ancora critiche, abbia messo le Amministrazioni regionali, al pari delle Amministrazioni Ospedaliere, nonch\u00e9 di tutti i Professionisti coinvolti, in condizioni da doverla affrontare con le gi\u00e0 scarse risorse a disposizione, sin dal periodo pre-pandemico, che decenni di tagli alla Sanit\u00e0 nel suo complessivo panorama nazionale hanno causato.<\/p>\n\n\n\n<p>E infatti tutti i Professionisti che la scrivente O.S. rappresenta hanno dimostrato, anche supportati dalla stessa, di saper organizzare il loro insostituibile lavoro in modo tale da garantire la tenuta dell\u2019intero sistema sanitario ospedaliero, il settore che sin dall\u2019inizio ha retto e sta reggendo senza tentennamenti di alcun genere l\u2019impatto pandemico.<\/p>\n\n\n\n<p>Ma affinch\u00e9 tutti i decisori politici ed amministrativi del SSN siano messi in grado di prendere le pi\u00f9 opportune iniziative di contenimento di una pandemia ancor oggi fuori controllo, <strong>ribadiamo ancora una volta che dev\u2019essere chiaro a tutti che i criteri utilizzati non possono e non devono in alcun modo essere \u201celasticizzati\u201d<\/strong>, in quanto \u2013 se, allorquando e laddove i dati al riguardo risentono di \u201cinterpretazioni\u201d le cui criticit\u00e0 sono state sopra evidenziate \u2013 \u00e8 evidente che rischiano di influenzare negativamente le suddette iniziative\u00bb.<\/p>\n\n\n\n<p>L\u2019AAROI-EMAC sottolinea, infine, che \u00abconsiderando che non \u00e8 possibile continuare ad affrontare la situazione ospedaliera nelle condizioni \u201cd\u2019emergenza\u201d che sono perdurate e perdurano da oltre un anno, per noi, a maggior ragione oggi, <strong>i posti letto di Rianimazione da considerare per ciascuna Regione, ai fini delle valutazioni che competono ai decisori politici e amministrativi del SSN, e pi\u00f9 in generale a coloro i quali governano il nostro Paese, sono soltanto quelli \u201cattivati\u201d<\/strong>, mai dimenticando che la moltiplicazione oltre i livelli attuali dei posti letto di Rianimazione non \u00e8 mai stata la soluzione per contrastare la Pandemia Covid\u00bb.<\/p>\n\n\n\n<p><strong><a href=\"https:\/\/www.aaroiemac.it\/notizie\/wp-content\/uploads\/2024\/10\/2021_Criticita\u0300SSR.pdf\" target=\"_blank\" rel=\"noreferrer noopener\">IL DOCUMENTO INVIATO<\/a><\/strong><\/p>\n","protected":false},"excerpt":{"rendered":"<p>L\u2019AAROI-EMAC chiede alle Regioni di precisare quali siano i criteri utilizzati per calcolare i Posti Letto di Terapia Intensiva disponibili. <\/p>\n","protected":false},"author":35358,"featured_media":23101,"comment_status":"closed","ping_status":"closed","sticky":false,"template":"","format":"standard","meta":{"_links_to":"","_links_to_target":""},"categories":[68],"tags":[],"_links":{"self":[{"href":"https:\/\/www.aaroiemac.it\/notizie\/index.php?rest_route=\/wp\/v2\/posts\/23100"}],"collection":[{"href":"https:\/\/www.aaroiemac.it\/notizie\/index.php?rest_route=\/wp\/v2\/posts"}],"about":[{"href":"https:\/\/www.aaroiemac.it\/notizie\/index.php?rest_route=\/wp\/v2\/types\/post"}],"author":[{"embeddable":true,"href":"https:\/\/www.aaroiemac.it\/notizie\/index.php?rest_route=\/wp\/v2\/users\/35358"}],"replies":[{"embeddable":true,"href":"https:\/\/www.aaroiemac.it\/notizie\/index.php?rest_route=%2Fwp%2Fv2%2Fcomments&post=23100"}],"version-history":[{"count":3,"href":"https:\/\/www.aaroiemac.it\/notizie\/index.php?rest_route=\/wp\/v2\/posts\/23100\/revisions"}],"predecessor-version":[{"id":36725,"href":"https:\/\/www.aaroiemac.it\/notizie\/index.php?rest_route=\/wp\/v2\/posts\/23100\/revisions\/36725"}],"wp:featuredmedia":[{"embeddable":true,"href":"https:\/\/www.aaroiemac.it\/notizie\/index.php?rest_route=\/wp\/v2\/media\/23101"}],"wp:attachment":[{"href":"https:\/\/www.aaroiemac.it\/notizie\/index.php?rest_route=%2Fwp%2Fv2%2Fmedia&parent=23100"}],"wp:term":[{"taxonomy":"category","embeddable":true,"href":"https:\/\/www.aaroiemac.it\/notizie\/index.php?rest_route=%2Fwp%2Fv2%2Fcategories&post=23100"},{"taxonomy":"post_tag","embeddable":true,"href":"https:\/\/www.aaroiemac.it\/notizie\/index.php?rest_route=%2Fwp%2Fv2%2Ftags&post=23100"}],"curies":[{"name":"wp","href":"https:\/\/api.w.org\/{rel}","templated":true}]}}