{"id":23419,"date":"2021-05-12T17:43:00","date_gmt":"2021-05-12T15:43:00","guid":{"rendered":"https:\/\/www.aaroiemac.it\/notizie\/?p=23419"},"modified":"2021-05-18T12:53:26","modified_gmt":"2021-05-18T10:53:26","slug":"lintervista-del-presidente-alladnkronos","status":"publish","type":"post","link":"https:\/\/www.aaroiemac.it\/notizie\/?p=23419","title":{"rendered":"L&#8217;intervista del Presidente all&#8217;AdnKronos"},"content":{"rendered":"\n<p>L&#8217;intervista del Presidente Nazionale AAROI-EMAC, Alessandro Vergallo, all&#8217;AdnKronos.<\/p>\n\n\n\n<ul><li><em>Siamo d&#8217;accordo con una revisione dei parametri che vada in una semplificazione e in un maggior peso per quanto riguarda l&#8217;occupazione dei posti letto in terapia intensiva.<\/em><\/li><li><em>Abbiamo sempre detto che il peso della tracciatura con i tamponi, e quindi l&#8217;indice Rt \u00e8 molto legato al numero di test che si fanno. Oggi \u00e8 pi\u00f9 logico rivedere questo parametro e dare pi\u00f9 importanza a ci\u00f2 che accade negli ospedali, alla situazione delle rianimazioni Covid.<\/em><\/li><li><em>La situazione delle rianimazioni \u00e8 pi\u00f9 tranquilla ma il dato nazionale di oggi, 1.992 persone in terapia intensiva (-64 da ieri), non ci fa stare tranquilli perch\u00e9 \u00e8 ancora alto e non siamo fuori pericolo.<\/em><\/li><li><em>Assistiamo ad un miglioramento ma non cos\u00ec evidente, ecco che pur riconoscendo la necessit\u00e0 delle riaperture consigliamo sempre una grande prudenza.<\/em><\/li><\/ul>\n\n\n\n<p><a rel=\"noreferrer noopener\" href=\"https:\/\/www.adnkronos.com\/restrizioni-e-colori-regioni-anestesisti-bene-revisioni-parametri_3kB0ZRQsluiPzQeU9nLXHc\" target=\"_blank\"><strong>Leggi l&#8217;intervista<\/strong><\/a><\/p>\n","protected":false},"excerpt":{"rendered":"<p>&#8220;Siamo d&#8217;accordo con una revisione dei parametri che vada in una semplificazione e in un maggior peso per quanto riguarda l&#8217;occupazione dei posti letto in terapia intensiva&#8221;. Il Presidente Nazionale AAROI-EMAC all&#8217;AdnKronos.<\/p>\n","protected":false},"author":35358,"featured_media":23420,"comment_status":"closed","ping_status":"closed","sticky":false,"template":"","format":"standard","meta":{"_links_to":"","_links_to_target":""},"categories":[644,28],"tags":[725,705],"_links":{"self":[{"href":"https:\/\/www.aaroiemac.it\/notizie\/index.php?rest_route=\/wp\/v2\/posts\/23419"}],"collection":[{"href":"https:\/\/www.aaroiemac.it\/notizie\/index.php?rest_route=\/wp\/v2\/posts"}],"about":[{"href":"https:\/\/www.aaroiemac.it\/notizie\/index.php?rest_route=\/wp\/v2\/types\/post"}],"author":[{"embeddable":true,"href":"https:\/\/www.aaroiemac.it\/notizie\/index.php?rest_route=\/wp\/v2\/users\/35358"}],"replies":[{"embeddable":true,"href":"https:\/\/www.aaroiemac.it\/notizie\/index.php?rest_route=%2Fwp%2Fv2%2Fcomments&post=23419"}],"version-history":[{"count":2,"href":"https:\/\/www.aaroiemac.it\/notizie\/index.php?rest_route=\/wp\/v2\/posts\/23419\/revisions"}],"predecessor-version":[{"id":23422,"href":"https:\/\/www.aaroiemac.it\/notizie\/index.php?rest_route=\/wp\/v2\/posts\/23419\/revisions\/23422"}],"wp:featuredmedia":[{"embeddable":true,"href":"https:\/\/www.aaroiemac.it\/notizie\/index.php?rest_route=\/wp\/v2\/media\/23420"}],"wp:attachment":[{"href":"https:\/\/www.aaroiemac.it\/notizie\/index.php?rest_route=%2Fwp%2Fv2%2Fmedia&parent=23419"}],"wp:term":[{"taxonomy":"category","embeddable":true,"href":"https:\/\/www.aaroiemac.it\/notizie\/index.php?rest_route=%2Fwp%2Fv2%2Fcategories&post=23419"},{"taxonomy":"post_tag","embeddable":true,"href":"https:\/\/www.aaroiemac.it\/notizie\/index.php?rest_route=%2Fwp%2Fv2%2Ftags&post=23419"}],"curies":[{"name":"wp","href":"https:\/\/api.w.org\/{rel}","templated":true}]}}