{"id":23574,"date":"2021-06-01T15:27:18","date_gmt":"2021-06-01T13:27:18","guid":{"rendered":"https:\/\/www.aaroiemac.it\/notizie\/?p=23574"},"modified":"2021-06-17T16:42:57","modified_gmt":"2021-06-17T14:42:57","slug":"caso-de-monte-laaroi-emac-nazionale-scrive-alla-regione-fvg","status":"publish","type":"post","link":"https:\/\/www.aaroiemac.it\/notizie\/?p=23574","title":{"rendered":"Caso De Monte. L\u2019AAROI-EMAC Nazionale scrive alla Regione FVG"},"content":{"rendered":"\n<p>Il Consiglio Direttivo Nazionale dell\u2019AAROI-EMAC ha inviato oggi una comunicazione via pec al Presidente e all\u2019Assessore alla Salute della Regione Friuli Venezia Giulia per precisare alcuni punti relativi alla vicenda che coinvolge in questi giorni il Dr Amato De Monte, intervenendo anche sul confronto svoltosi con il Dr Alberto Peratoner in Commissione Sanit\u00e0 il 4 Maggio.<\/p>\n\n\n\n<p>L\u2019AAROI-EMAC, in particolare, ha inviato precisazioni relative a tre punti:<\/p>\n\n\n\n<ul><li>in riferimento al confronto avvenuto in audizione presso la Commissione Sanit\u00e0, l\u2019Associazione rende noto di condividere le osservazioni del Presidente della sua Sezione Regionale FVG Dr Peratoner al riguardo delle criticit\u00e0 verificatesi a causa dell\u2019emergenza Covid-19 nella Regione, comprese quelle esplicitate nei suoi interventi in audizione;<\/li><\/ul>\n\n\n\n<ul><li>in riferimento alla notizia dell\u2019avvenuta sospensione di un Concorso Pubblico per la nomina del Direttore di SC della nuova Centrale Operativa Regionale dell&#8217;Emergenza FVG (\u201cSORES\u201d), sostituito, ai medesimi fini di conferimento di tale incarico, da un atto regionale emanato d\u2019autorit\u00e0 a favore del Dr De Monte, che a quanto parrebbe \u00e8 in essere da oggi 01 Giugno 2021, l\u2019Associazione esprime la pi\u00f9 netta contrariet\u00e0, che si riserva di manifestare con le pi\u00f9 incisive iniziative nei modi che riterr\u00e0 pi\u00f9 idonei, e nelle sedi che riterr\u00e0 pi\u00f9 opportune, a qualsivoglia ipotesi, che nel caso specifico si riserva di verificare per quanto d\u2019uopo, di mancato rispetto di regole contrattuali di affidamento di incarichi pubblici soggetti a procedure concorsuali;<\/li><\/ul>\n\n\n\n<ul><li>in riferimento a notizie mediatiche inerenti dichiarazioni, che a quanto si apprende dai media sarebbero state rilasciate dal Direttore Regionale dell\u2019ARCS della Regione FVG, secondo le quali sarebbe normale, per un Medico Ospedaliero, non essersi ancora vaccinato &#8220;<em>perch\u00e9 aspetta un altro vaccino<\/em>&#8220;; l\u2019Associazione, astenendosi da ogni considerazione che possa invadere la sfera sanitaria personale di chiunque, manifesta lo sconcerto di non riuscire a comprendere su quali basi di evidenza scientifica \u2013 se riferita ad un vaccino gi\u00e0 in produzione nel mondo ma non disponibile in Italia \u2013, o di aspettativa scientifica futura \u2013 se riferita ad un vaccino non ancora prodotto al mondo \u2013 possa fondarsi tale attesa condividendo, cos\u00ec come affermato in una nota intersindacale regionale del 28 Maggio u. s., siglata, oltre che dalla Sezione FVG dell\u2019AAROI-EMAC, da altre 7 O. S. di livello regionale, la sussistenza del rischio che tali dichiarazioni, sic et simpliciter come tali, possano gravemente tramutarsi in \u201c<em>un messaggio pericolosissimo per gli operatori sanitari ancora dubbiosi e per la popolazione in toto<\/em>\u201d per le ragioni ivi spiegate.<\/li><\/ul>\n","protected":false},"excerpt":{"rendered":"<p>Il Consiglio Direttivo Nazionale dell\u2019AAROI-EMAC ha inviato oggi una comunicazione via pec al Presidente e all\u2019Assessore alla Salute della Regione Friuli Venezia Giulia per precisare alcuni punti relativi alla vicenda che coinvolge in questi giorni il Dr Amato De Monte, intervenendo anche sul confronto svoltosi con il Dr Alberto Peratoner in Commissione Sanit\u00e0 il 4 Maggio.<\/p>\n","protected":false},"author":35358,"featured_media":19097,"comment_status":"closed","ping_status":"closed","sticky":false,"template":"","format":"standard","meta":{"_links_to":"","_links_to_target":""},"categories":[68,646,35],"tags":[],"_links":{"self":[{"href":"https:\/\/www.aaroiemac.it\/notizie\/index.php?rest_route=\/wp\/v2\/posts\/23574"}],"collection":[{"href":"https:\/\/www.aaroiemac.it\/notizie\/index.php?rest_route=\/wp\/v2\/posts"}],"about":[{"href":"https:\/\/www.aaroiemac.it\/notizie\/index.php?rest_route=\/wp\/v2\/types\/post"}],"author":[{"embeddable":true,"href":"https:\/\/www.aaroiemac.it\/notizie\/index.php?rest_route=\/wp\/v2\/users\/35358"}],"replies":[{"embeddable":true,"href":"https:\/\/www.aaroiemac.it\/notizie\/index.php?rest_route=%2Fwp%2Fv2%2Fcomments&post=23574"}],"version-history":[{"count":2,"href":"https:\/\/www.aaroiemac.it\/notizie\/index.php?rest_route=\/wp\/v2\/posts\/23574\/revisions"}],"predecessor-version":[{"id":23578,"href":"https:\/\/www.aaroiemac.it\/notizie\/index.php?rest_route=\/wp\/v2\/posts\/23574\/revisions\/23578"}],"wp:featuredmedia":[{"embeddable":true,"href":"https:\/\/www.aaroiemac.it\/notizie\/index.php?rest_route=\/wp\/v2\/media\/19097"}],"wp:attachment":[{"href":"https:\/\/www.aaroiemac.it\/notizie\/index.php?rest_route=%2Fwp%2Fv2%2Fmedia&parent=23574"}],"wp:term":[{"taxonomy":"category","embeddable":true,"href":"https:\/\/www.aaroiemac.it\/notizie\/index.php?rest_route=%2Fwp%2Fv2%2Fcategories&post=23574"},{"taxonomy":"post_tag","embeddable":true,"href":"https:\/\/www.aaroiemac.it\/notizie\/index.php?rest_route=%2Fwp%2Fv2%2Ftags&post=23574"}],"curies":[{"name":"wp","href":"https:\/\/api.w.org\/{rel}","templated":true}]}}