{"id":23706,"date":"2021-06-14T18:04:43","date_gmt":"2021-06-14T16:04:43","guid":{"rendered":"https:\/\/www.aaroiemac.it\/notizie\/?p=23706"},"modified":"2021-07-01T13:58:08","modified_gmt":"2021-07-01T11:58:08","slug":"lintervista-del-presidente-su-doctor33","status":"publish","type":"post","link":"https:\/\/www.aaroiemac.it\/notizie\/?p=23706","title":{"rendered":"L&#8217;intervista del Presidente AAROI-EMAC su Doctor33"},"content":{"rendered":"\n<p>Su Doctor33 l&#8217;intervista del Presidente Nazionale AAROI-EMAC, Alessandro Vergallo.<\/p>\n\n\n\n<p>&#8220;Meglio aspettare l&#8217;autunno prima di eliminare posti letto Covid, sia nei reparti semintensivi sia in ricovero ordinario. Ce ne potrebbe essere bisogno ancora. Lo spiega Alessandro Vergallo anestesista rianimatore presidente del sindacato Aaroi-Emac. Anche se oggi i numeri della pandemia consentono di riconvertire letti dedicati ai malati Covid, nulla esclude il rischio di una possibile ripresa del virus ai primi freddi. <\/p>\n\n\n\n<p>\u00abAncora una volta dovremo essere preparati\u00bb, dice Vergallo. Che sottolinea un secondo tema: \u00abIl numero di pazienti Covid-19 da ricoverare in ospedale non \u00e8 &#8220;comprimibile&#8221; pi\u00f9 di tanto, dato che chi necessita di ricovero in rianimazione non \u00e8 curabile in altri reparti, cos\u00ec come una quota di chi necessiti di ricovero in reparti sub-intensivi non pu\u00f2 essere curata n\u00e9 in reparti ospedalieri ordinari n\u00e9 tantomeno a domicilio. Diverso \u00e8 il caso dei pazienti finora curati in reparti ordinari, per gran parte dei quali un&#8217;assistenza domiciliare funzionante sarebbe senz&#8217;altro una scelta migliore, purch\u00e9 sia effettivamente tale, come invece &#8211; almeno finora &#8211; non \u00e8 stata\u00bb&#8221;.<\/p>\n\n\n\n<p><a href=\"http:\/\/www.doctor33.it\/politica-e-sanita\/terapie-intensive-vergallo-aaroi-in-calo-i-letti-covid-ma-e-meglio-non-smantellare-ospedale-ancora-indispensabile\/?fbclid=IwAR2irytRX9WRxemvwEI9WJphiKd-ohmvwAQeUnyFrt9-xDFR5OxnYlgyRS0\" target=\"_blank\" rel=\"noreferrer noopener\"><strong>Leggi l&#8217;intervista integrale<\/strong><\/a><\/p>\n","protected":false},"excerpt":{"rendered":"<p>Su Doctor33 l&#8217;intervista del Presidente Nazionale AAROI-EMAC, Alessandro Vergallo.<br \/>\n&#8220;Meglio aspettare l&#8217;autunno prima di eliminare posti letto Covid, sia nei reparti semintensivi sia in ricovero ordinario. Ce ne potrebbe essere bisogno ancora&#8221;.<\/p>\n","protected":false},"author":35358,"featured_media":23707,"comment_status":"closed","ping_status":"closed","sticky":false,"template":"","format":"standard","meta":{"_links_to":"","_links_to_target":""},"categories":[644,28],"tags":[111],"_links":{"self":[{"href":"https:\/\/www.aaroiemac.it\/notizie\/index.php?rest_route=\/wp\/v2\/posts\/23706"}],"collection":[{"href":"https:\/\/www.aaroiemac.it\/notizie\/index.php?rest_route=\/wp\/v2\/posts"}],"about":[{"href":"https:\/\/www.aaroiemac.it\/notizie\/index.php?rest_route=\/wp\/v2\/types\/post"}],"author":[{"embeddable":true,"href":"https:\/\/www.aaroiemac.it\/notizie\/index.php?rest_route=\/wp\/v2\/users\/35358"}],"replies":[{"embeddable":true,"href":"https:\/\/www.aaroiemac.it\/notizie\/index.php?rest_route=%2Fwp%2Fv2%2Fcomments&post=23706"}],"version-history":[{"count":2,"href":"https:\/\/www.aaroiemac.it\/notizie\/index.php?rest_route=\/wp\/v2\/posts\/23706\/revisions"}],"predecessor-version":[{"id":23709,"href":"https:\/\/www.aaroiemac.it\/notizie\/index.php?rest_route=\/wp\/v2\/posts\/23706\/revisions\/23709"}],"wp:featuredmedia":[{"embeddable":true,"href":"https:\/\/www.aaroiemac.it\/notizie\/index.php?rest_route=\/wp\/v2\/media\/23707"}],"wp:attachment":[{"href":"https:\/\/www.aaroiemac.it\/notizie\/index.php?rest_route=%2Fwp%2Fv2%2Fmedia&parent=23706"}],"wp:term":[{"taxonomy":"category","embeddable":true,"href":"https:\/\/www.aaroiemac.it\/notizie\/index.php?rest_route=%2Fwp%2Fv2%2Fcategories&post=23706"},{"taxonomy":"post_tag","embeddable":true,"href":"https:\/\/www.aaroiemac.it\/notizie\/index.php?rest_route=%2Fwp%2Fv2%2Ftags&post=23706"}],"curies":[{"name":"wp","href":"https:\/\/api.w.org\/{rel}","templated":true}]}}