{"id":24276,"date":"2021-09-17T22:37:00","date_gmt":"2021-09-17T20:37:00","guid":{"rendered":"https:\/\/www.aaroiemac.it\/notizie\/?p=24276"},"modified":"2021-09-21T15:35:25","modified_gmt":"2021-09-21T13:35:25","slug":"aaroi-emac-molise-il-piano-operativo-2019-2021-non-e-chiaro","status":"publish","type":"post","link":"https:\/\/www.aaroiemac.it\/notizie\/?p=24276","title":{"rendered":"AAROI-EMAC Molise, il Piano Operativo 2019-2021 non \u00e8 chiaro"},"content":{"rendered":"\n<p>Il piano operativo 2019-2021 pubblicato con D.C.A. del 9 settembre u.s. ha suscitato dubbi, incertezze e interpretazioni che hanno alimentato numerose polemiche in clima di campagna elettorale. Si ritiene che ci\u00f2 accade poich\u00e9 il documento non \u00e8 sufficientemente analitico e particolareggiato relativamente alle Unit\u00e0 Operative ospedaliere che resterebbero sicuramente attive, quelle soggette a proroga e verifica e quelle che verrebbero, invece, disattivate. Parimenti il Piano Operativo non appare sufficientemente dettagliato per ci\u00f2 che concerne la distribuzione dei posti letto tra le varie strutture pubbliche e private accreditate. Vieppi\u00f9 non appare affatto soddisfacente il seguente passaggio a pagina 15 del documento:<\/p>\n\n\n\n<p><em>\u201cRispetto alla rete ospedaliera regionale, si programma un numero complessivo dei posti letto pari a 1.032 che, in relazione alla popolazione residente in Molise (308.493 ab., al 01.01.2018), determina un rapporto di 3,2 posti letto per 1.000 abitanti, comprensivi di 0,7 posti letto per 1.000 ab. per la riabilitazione e la lungodegenza post acuzie, quindi entro lo standard fissato dal DM 70\/2015 (3,7pl*1.000 ab.).\u201d<\/em><\/p>\n\n\n\n<p>Da un semplice conto matematico, infatti, si evince chiaramente che la programmazione di 1032 posti letto comprensivi dello 0,7 posti letto per 1000 abitanti per la riabilitazione\u00a0\u00e8 sotto lo standard fissato dal DM 70\/2015 di 3,7 pl*1000 ab; in sostanza ai cittadini molisani mancherebbero oltre 100 pl!<\/p>\n\n\n\n<p>Parimenti molto insoddisfacente appare il seguente passaggio relativo alla valorizzazione del personale<\/p>\n\n\n\n<p><em>\u201cNel ricercare soluzioni che affrontino la questione della carenza di medici non appare quindi corretto associare automaticamente uscite ed ingressi come presupposto per la definizione del fabbisogno futuro di medici; bisogna piuttosto attuare politiche di governance di breve, medio<\/em> e lungo periodo definendo le priorit\u00e0 e facendo una preventiva analisi di fattibilit\u00e0. <em>Per far fronte a tali problematiche di carenza di personale, la valorizzazione del personale attivo in dotazione costituisce una soluzione strategica da perseguire, attraverso l\u2019individuazione di sistemi di misurazione e valutazione della performance organizzativa ed individuale che permettano di misurare e distinguere le prestazioni inadeguate da quelle eccellenti, al fine di garantire agli utenti elevati standard di servizio e di migliorare la qualit\u00e0 complessiva dell\u2019assistenza sanitaria.<\/em>\u201d<br>Evidentemente non \u00e8 sufficientemente chiara la drammatica carenza di personale medico, specie in alcune discipline quali medicina d\u2019urgenza e pronto soccorso, anestesia e rianimazione, pediatria\/neonatologia, ortopedia. Nei nostri ospedali per poter garantire la continuit\u00e0 h 24 dei servizi minimi e incomprimibili ai cittadini, per poter garantire le guardie nei reparti, in specie durante tutta la pandemia, molti medici ospedalieri hanno fatto l\u2019impossibile e tuttora lo fanno, dovendo troppo spesso sorvolare sul rispetto di ci\u00f2 che prevedono le norme sull\u2019orario di lavoro.<br>Per risolvere le carenze in tali settori non esiste ormai politica di valorizzazione del personale che tenga, ma occorre assumere, assumere, assumere!<br>Inoltre si reputa necessaria una profonda revisione del sistema 118 cos\u00ec come strutturato e che passi anche attraverso una reale integrazione dell\u2019elisoccorso tra le due regioni Abruzzo e Molise.<br>Si ritiene, dunque, che occorre come minimo una integrazione al POS che in modo dettagliato e particolareggiato chiarisca:<\/p>\n\n\n\n<ol><li>Le Unit\u00e0 Operative ospedaliere che resterebbero sicuramente attive, quelle soggette a proroga e verifica e quelle che verrebbero, invece, disattivate;<\/li><li>La ripartizione dei posti letto tra le varie strutture pubbliche e private nonch\u00e9 tra unit\u00e0 operative;<\/li><li>Il numero di reali assunzioni a tempo indeterminato e determinato a cui si intende procedere se si vogliono salvare gli ospedali pubblici molisani.<\/li><\/ol>\n\n\n\n<p class=\"has-text-align-right\">Dr David Di Lello<br>Presidente AAROI-EMAC Molise<\/p>\n\n\n\n<hr class=\"wp-block-separator\"\/>\n\n\n\n<p><strong>RASSEGNA STAMPA<\/strong><\/p>\n\n\n\n<p><a href=\"https:\/\/quotidianomolise.com\/pos-dubbi-dellassociazione-anestesisti-ci-sono-dei-particolari-che-vanno-chiariti\/\" target=\"_blank\" rel=\"noreferrer noopener\"><strong>Quotidiano del Molise<\/strong><\/a><\/p>\n\n\n\n<p><a href=\"https:\/\/www.isnews.it\/politica\/83514-sanita-i-dubbi-dei-rianimatori-sul-ps-al-molise-mancano-posti-letto-e-medici.html\" target=\"_blank\" rel=\"noreferrer noopener\"><strong>IsNews<\/strong><\/a><\/p>\n\n\n\n<p><a href=\"https:\/\/www.rainews.it\/tgr\/molise\/video\/2021\/09\/mol-salute-medici-diritti-1ac6ab04-d8fa-4ed0-a8c2-45a68d5ac367.html?\" target=\"_blank\" rel=\"noreferrer noopener\"><strong>TG3 Molise<\/strong><\/a><\/p>\n","protected":false},"excerpt":{"rendered":"<p>Il piano operativo 2019 -2021 pubblicato con D.C.A. del 9 settembre u.s. ha suscitato dubbi, incertezze e interpretazioni che hanno alimentato numerose polemiche in clima di campagna elettorale.<\/p>\n","protected":false},"author":35358,"featured_media":17242,"comment_status":"closed","ping_status":"closed","sticky":false,"template":"","format":"standard","meta":{"_links_to":"","_links_to_target":""},"categories":[646,40],"tags":[652],"_links":{"self":[{"href":"https:\/\/www.aaroiemac.it\/notizie\/index.php?rest_route=\/wp\/v2\/posts\/24276"}],"collection":[{"href":"https:\/\/www.aaroiemac.it\/notizie\/index.php?rest_route=\/wp\/v2\/posts"}],"about":[{"href":"https:\/\/www.aaroiemac.it\/notizie\/index.php?rest_route=\/wp\/v2\/types\/post"}],"author":[{"embeddable":true,"href":"https:\/\/www.aaroiemac.it\/notizie\/index.php?rest_route=\/wp\/v2\/users\/35358"}],"replies":[{"embeddable":true,"href":"https:\/\/www.aaroiemac.it\/notizie\/index.php?rest_route=%2Fwp%2Fv2%2Fcomments&post=24276"}],"version-history":[{"count":2,"href":"https:\/\/www.aaroiemac.it\/notizie\/index.php?rest_route=\/wp\/v2\/posts\/24276\/revisions"}],"predecessor-version":[{"id":24325,"href":"https:\/\/www.aaroiemac.it\/notizie\/index.php?rest_route=\/wp\/v2\/posts\/24276\/revisions\/24325"}],"wp:featuredmedia":[{"embeddable":true,"href":"https:\/\/www.aaroiemac.it\/notizie\/index.php?rest_route=\/wp\/v2\/media\/17242"}],"wp:attachment":[{"href":"https:\/\/www.aaroiemac.it\/notizie\/index.php?rest_route=%2Fwp%2Fv2%2Fmedia&parent=24276"}],"wp:term":[{"taxonomy":"category","embeddable":true,"href":"https:\/\/www.aaroiemac.it\/notizie\/index.php?rest_route=%2Fwp%2Fv2%2Fcategories&post=24276"},{"taxonomy":"post_tag","embeddable":true,"href":"https:\/\/www.aaroiemac.it\/notizie\/index.php?rest_route=%2Fwp%2Fv2%2Ftags&post=24276"}],"curies":[{"name":"wp","href":"https:\/\/api.w.org\/{rel}","templated":true}]}}