{"id":24906,"date":"2021-11-16T15:43:46","date_gmt":"2021-11-16T14:43:46","guid":{"rendered":"https:\/\/www.aaroiemac.it\/notizie\/?p=24906"},"modified":"2021-11-21T15:06:07","modified_gmt":"2021-11-21T14:06:07","slug":"carenza-anestesisti-rianimatori-lintervista-a-doctornews","status":"publish","type":"post","link":"https:\/\/www.aaroiemac.it\/notizie\/?p=24906","title":{"rendered":"Carenza Anestesisti Rianimatori, l&#8217;intervista a DoctorNews"},"content":{"rendered":"\n<p>Nell&#8217;intervista a DoctorNews, il Presidente Nazionale AAROI-EMAC, Alessandro Vergallo, sintetizza i passaggi necessari per affrontare la carenza di Medici Anestesisti Rianimatori.<\/p>\n\n\n\n<ul><li>Mantenere il numero degli ingressi nelle scuole di specializzazione (con relativo finanziamento) intorno a 1800;<\/li><li>Estendere dal 2021 a tutto il 2022 e agli anni successivi la chance offerta dal decreto legge Cura-Italia del 9 marzo 2020 di poter assumere gli specializzandi ARTID al 4\u00b0 e 5\u00b0 anno a termine nei ranghi del Servizio sanitario dove hanno dimostrato di poter dare una mano risolutiva ai colleghi gi\u00e0 in servizio pur non svolgendo attivit\u00e0 caratterizzate dalla stessa complessit\u00e0 clinica;<\/li><li>Mantenere appetibile l&#8217;attivit\u00e0 aggiuntiva quel tanto che basta da poter consentire una crescita fino al 15% del lavoro extra per gli anestesisti;<\/li><li>Indennit\u00e0 accessoria estesa ai Medici Anestesisti Rianimatori perch\u00e9, con i Colleghi dei Ps \u00abcondividono condizioni di lavoro usuranti e sono penalizzati sia nella possibilit\u00e0 di svolgere attivit\u00e0 intra e soprattutto extramoenia, sia nelle progressioni di carriera\u00bb.<\/li><\/ul>\n\n\n\n<p><a href=\"http:\/\/www.doctor33.it\/politica-e-sanita\/terapie-intensive-servono-anestesisti-la-ricetta-aaroi-emac-per-il-turnover-al-vaglio-del-governo\/\" target=\"_blank\" rel=\"noreferrer noopener\"><strong>LEGGI L&#8217;INTERVISTA INTEGRALE<\/strong><\/a><\/p>\n","protected":false},"excerpt":{"rendered":"<p>Nell&#8217;intervista a Doctornews, il Presidente Nazionale AAROI-EMAC, Alessandro Vergallo, sintetizza i passaggi necessari per affrontare la carenza di Medici Anestesisti Rianimatori.<\/p>\n","protected":false},"author":35358,"featured_media":24907,"comment_status":"closed","ping_status":"closed","sticky":false,"template":"","format":"standard","meta":{"_links_to":"","_links_to_target":""},"categories":[644,28],"tags":[],"_links":{"self":[{"href":"https:\/\/www.aaroiemac.it\/notizie\/index.php?rest_route=\/wp\/v2\/posts\/24906"}],"collection":[{"href":"https:\/\/www.aaroiemac.it\/notizie\/index.php?rest_route=\/wp\/v2\/posts"}],"about":[{"href":"https:\/\/www.aaroiemac.it\/notizie\/index.php?rest_route=\/wp\/v2\/types\/post"}],"author":[{"embeddable":true,"href":"https:\/\/www.aaroiemac.it\/notizie\/index.php?rest_route=\/wp\/v2\/users\/35358"}],"replies":[{"embeddable":true,"href":"https:\/\/www.aaroiemac.it\/notizie\/index.php?rest_route=%2Fwp%2Fv2%2Fcomments&post=24906"}],"version-history":[{"count":1,"href":"https:\/\/www.aaroiemac.it\/notizie\/index.php?rest_route=\/wp\/v2\/posts\/24906\/revisions"}],"predecessor-version":[{"id":24908,"href":"https:\/\/www.aaroiemac.it\/notizie\/index.php?rest_route=\/wp\/v2\/posts\/24906\/revisions\/24908"}],"wp:featuredmedia":[{"embeddable":true,"href":"https:\/\/www.aaroiemac.it\/notizie\/index.php?rest_route=\/wp\/v2\/media\/24907"}],"wp:attachment":[{"href":"https:\/\/www.aaroiemac.it\/notizie\/index.php?rest_route=%2Fwp%2Fv2%2Fmedia&parent=24906"}],"wp:term":[{"taxonomy":"category","embeddable":true,"href":"https:\/\/www.aaroiemac.it\/notizie\/index.php?rest_route=%2Fwp%2Fv2%2Fcategories&post=24906"},{"taxonomy":"post_tag","embeddable":true,"href":"https:\/\/www.aaroiemac.it\/notizie\/index.php?rest_route=%2Fwp%2Fv2%2Ftags&post=24906"}],"curies":[{"name":"wp","href":"https:\/\/api.w.org\/{rel}","templated":true}]}}