{"id":25354,"date":"2021-12-22T11:22:15","date_gmt":"2021-12-22T10:22:15","guid":{"rendered":"https:\/\/www.aaroiemac.it\/notizie\/?p=25354"},"modified":"2021-12-22T11:22:54","modified_gmt":"2021-12-22T10:22:54","slug":"rianimazioni-letti-sulla-carta-evitano-per-ora-la-soglia-critica","status":"publish","type":"post","link":"https:\/\/www.aaroiemac.it\/notizie\/?p=25354","title":{"rendered":"Rianimazioni, letti &#8220;sulla carta&#8221; evitano (per ora) la soglia critica"},"content":{"rendered":"\n<p><em>Nell&#8217;intervista a <a href=\"https:\/\/www.lospiffero.com\/ls_article.php?id=62619\" target=\"_blank\" rel=\"noreferrer noopener\"><strong>Lo Spiffero<\/strong><\/a>, il Presidente AAROI-EMAC Piemonte, Gilberto Fiore, fa il punto della situazione e denuncia come non tutti i posti di terapia intensiva su cui si basano le percentuali siano effettivi.<\/em><\/p>\n\n\n\n<p>Negli ultimi due giorni i letti di terapia intensiva occupati da pazienti\u00a0Covid<strong>\u00a0<\/strong>sono cresciuti quotidianamente di tre unit\u00e0. Se l\u2019aumento seguir\u00e0 questa progressione, o peggio crescer\u00e0 ancora come i medici temono e prevedono, non ci vorr\u00e0 molto per raddoppiare, triplicare il numero assoluto di posti, che ieri era di 62, nelle rianimazioni piemontesi, nella stragrande maggioranza dei casi occupati da non vaccinati. Il superamento della soglia critica del 10% \u00e8 dietro l\u2019angolo, o forse, di fatto \u00e8 gi\u00e0 stata superata. Perch\u00e9 tutto dipende dai numeri, quelli dei letti di terapia intensiva che sono effettivamente pronti e funzionanti negli ospedali e quelli che, invece, attestano letti che in realt\u00e0 non ci sono.<\/p>\n\n\n\n<p><strong>Gilberto Fiore<\/strong>, primario di Anestesia e Rianimazione all\u2019ospedale di Moncalieri, \u00e8 al vertice regionale dell\u2019Associazione anestesisti rianimatori ospedalieri italiani il cui presidente nazionale&nbsp;<strong>Alessandro Vergallo<\/strong>, proprio ieri ha denunciato come non tutti i posti di terapia intensiva su cui si basano le percentuali siano effettivi.<\/p>\n\n\n\n<p><strong>La questione sui letti effettivamente disponibili e quelli, diciamo, sulla carta si trascina da mesi. Adesso che i ricoveri aumentano il problema si ripropone. Dottor Fiore, cerchiamo di fare chiarezza, le percentuali e la soglia critica in Piemonte su che numeri si calcolano?<\/strong><br>\u201cDiciamo che nei dati forniti dalla Regione vengono considerati gi\u00e0 operativi sia quelli previsti dal piano Arcuri sia i 160 acquistati dalla Regione stessa, ma quei posti non ci sono ancora\u201d.<\/p>\n\n\n\n<p><strong>Ad oggi, il sistema ospedaliero piemontese quanti letti di rianimazione funzionanti ha?<\/strong><br>\u201cTra i 450 e i 480\u201d.&nbsp;<\/p>\n\n\n\n<p><strong>Quindi se la soglia critica scatta al 10% dell\u2019occupazione e ieri i letti occupati erano 62 e, come si dice, la matematica non \u00e8 un\u2019opinione, l\u2019asticella che \u00e8 uno dei parametri per il passaggio in zona gialla, \u00e8 gi\u00e0 superata?<\/strong><br>\u201cSecondo la Regione no, perch\u00e9 calcolando 670 letti \u00e8 chiaro che siamo al di sotto. Un criterio che, va detto, non viene applicato solo in Piemonte come ha osservato il nostro presidente nazionale\u201d.<\/p>\n\n\n\n<p><strong>Restiamo ai numeri, ma guardiamo a quelli del personale necessario per rendere perfettamente funzionali i letti di terapia intensiva. Quanti medici e quanti infermieri servono?<\/strong><br>\u201cIl rapporto ideale \u00e8 di un infermiere ogni due pazienti e le linee guida indicano che un medico rianimatore pu\u00f2 curare 4 o 5 pazienti in contemporanea\u201d.<\/p>\n\n\n\n<p><strong>In Piemonte, lei lo ha ribadito in pi\u00f9 occasioni in passato, c\u2019\u00e8 una forte carenza di personale.&nbsp;\u00c8&nbsp;cambiato qualcosa negli ultimi mesi?<\/strong><br>\u201cSiamo sempre abbondantemente sotto. Sono stati assunti qualche decina di specializzandi nel frattempo diventati specialisti, ma i grandi ospedali continuano a fare da polo di attrazione a discapito dei medi e piccoli ospedali. Oggi in tutto il Piemonte gli anestesisti rianimatori sono poco pi\u00f9 di mille e nelle strutture pubbliche mancano non meno di duecento professionisti. Questo solo per coprire parte delle carenze e parte di quei letti nuovi che per ora non sono attivi\u201d.<\/p>\n\n\n\n<p><strong>Che cosa ci si deve aspettare sul fronte delle terapie intensive per le prossime settimane?<\/strong><br>\u201cCirca l\u201980 per cento dei pazienti Covid in terapia intensiva riguarda persone non vaccinate, la restante parte ha serie problematiche respiratorie di immunodepressione e altre patologie. Questo ci dice che bisogna accelerare il pi\u00f9 possibile sulla terza dose e, ovviamente, sarebbe necessario ridurre quanto pi\u00f9 possibile il numero dei non vaccinati. Per aumentare i posti nelle rianimazioni serve personale che, come appena detto, manca e non \u00e8 semplice trovarlo in tempi rapidi\u201d.<\/p>\n\n\n\n<p><a href=\"https:\/\/www.lospiffero.com\/ls_article.php?id=62619\" target=\"_blank\" rel=\"noreferrer noopener\"><strong>L&#8217;intervista<\/strong><\/a><\/p>\n","protected":false},"excerpt":{"rendered":"<p>Nell&#8217;intervista a Lo Spiffero, il Presidente AAROI-EMAC Piemonte, Gilberto Fiore, fa il punto della situazione e denuncia come non tutti i posti di terapia intensiva su cui si basano le percentuali siano effettivi.<\/p>\n","protected":false},"author":35358,"featured_media":25357,"comment_status":"closed","ping_status":"closed","sticky":false,"template":"","format":"standard","meta":{"_links_to":"","_links_to_target":""},"categories":[646,41,28],"tags":[],"_links":{"self":[{"href":"https:\/\/www.aaroiemac.it\/notizie\/index.php?rest_route=\/wp\/v2\/posts\/25354"}],"collection":[{"href":"https:\/\/www.aaroiemac.it\/notizie\/index.php?rest_route=\/wp\/v2\/posts"}],"about":[{"href":"https:\/\/www.aaroiemac.it\/notizie\/index.php?rest_route=\/wp\/v2\/types\/post"}],"author":[{"embeddable":true,"href":"https:\/\/www.aaroiemac.it\/notizie\/index.php?rest_route=\/wp\/v2\/users\/35358"}],"replies":[{"embeddable":true,"href":"https:\/\/www.aaroiemac.it\/notizie\/index.php?rest_route=%2Fwp%2Fv2%2Fcomments&post=25354"}],"version-history":[{"count":2,"href":"https:\/\/www.aaroiemac.it\/notizie\/index.php?rest_route=\/wp\/v2\/posts\/25354\/revisions"}],"predecessor-version":[{"id":25359,"href":"https:\/\/www.aaroiemac.it\/notizie\/index.php?rest_route=\/wp\/v2\/posts\/25354\/revisions\/25359"}],"wp:featuredmedia":[{"embeddable":true,"href":"https:\/\/www.aaroiemac.it\/notizie\/index.php?rest_route=\/wp\/v2\/media\/25357"}],"wp:attachment":[{"href":"https:\/\/www.aaroiemac.it\/notizie\/index.php?rest_route=%2Fwp%2Fv2%2Fmedia&parent=25354"}],"wp:term":[{"taxonomy":"category","embeddable":true,"href":"https:\/\/www.aaroiemac.it\/notizie\/index.php?rest_route=%2Fwp%2Fv2%2Fcategories&post=25354"},{"taxonomy":"post_tag","embeddable":true,"href":"https:\/\/www.aaroiemac.it\/notizie\/index.php?rest_route=%2Fwp%2Fv2%2Ftags&post=25354"}],"curies":[{"name":"wp","href":"https:\/\/api.w.org\/{rel}","templated":true}]}}