{"id":25419,"date":"2021-12-23T13:17:27","date_gmt":"2021-12-23T12:17:27","guid":{"rendered":"https:\/\/www.aaroiemac.it\/notizie\/?p=25419"},"modified":"2021-12-23T13:17:31","modified_gmt":"2021-12-23T12:17:31","slug":"covid-19-riflessioni-di-un-anestesista-rianimatore","status":"publish","type":"post","link":"https:\/\/www.aaroiemac.it\/notizie\/?p=25419","title":{"rendered":"COVID-19 \u2013 Riflessioni di un Anestesista Rianimatore"},"content":{"rendered":"\n<p>Oggi (22 Dicembre 2021) in Italia sono stati registrati 36.000 cittadini positivi; un anno fa erano 17.000. Un anno fa, l\u2019Italia era praticamente in zona arancione con qualche regione in rosso e si avviava al lockdown generale. Un anno fa i morti erano 700 al giorno; oggi sono 100; nel bimestre novembre\/dicembre 2020 i morti sono stati 32.000, mentre nello stesso periodo di quest\u2019anno sono 4.000 (- 87%!!!). Come mai questi dati favorevoli, a fronte oggi di un maggior numero di positivi e in una situazione di apertura generale? <strong>La variante introdotta \u00e8 il VACCINO che ha protetto 48 milioni di italiani dallo sviluppo di una forma grave di malattia!<\/strong><\/p>\n\n\n\n<p>La dimostrazione? Un anno fa 2.700 Posti Letto (PL) delle rianimazioni italiane erano occupati da pazienti COVID intubati; ora sono quasi 1.000, nonostante il pi\u00f9 elevato numero di infezioni. La variante favorevole introdotta \u00e8 il VACCINO, perch\u00e9 dei 1.000 ricoverati (l\u201911% dei 9.000 PL disponibili) &nbsp;800 (l\u201980%) non sono vaccinati! Se si fossero vaccinati tutti gli italiani, oggi avremmo ricoverati nelle rianimazioni 200 persone, la cui maggioranza con patologie plurime e croniche, pari al 2,2%.<\/p>\n\n\n\n<p>Quindi gli Anestesisti Rianimatori, perno del supporto ospedaliero alla gestione dell\u2019emergenza\/urgenza, lavorano sostanzialmente per 800 pazienti non vaccinati che avrebbero potuto evitare il ricovero e soprattutto non si sarebbero esposti al rischio di morte per chi \u00e8 ricoverato per Covid in rianimazione, pari al 30%: uno su tre in rianimazione non ce la fa!<\/p>\n\n\n\n<p>Soprattutto chi non si vaccina favorisce la replicazione virale nel suo organismo (\u00e8 senza anticorpi) e quando si accorge di stare male (5-7 gg dopo) ha gi\u00e0 diffuso nell\u2019ambiente ed ai propri cari milioni di particelle virali; al contrario, chi si \u00e8 vaccinato, quando incontra il virus ha pronti gli anticorpi che lo distruggono rapidamente. La responsabilit\u00e0 del mantenimento della diffusione virale \u00e8 della popolazione non vaccinata! Non solo, la responsabilit\u00e0 dell\u2019instaurarsi delle varianti, \u00e8 della popolazione che mantiene alta la diffusione del virus, quindi dei non vaccinati.<\/p>\n\n\n\n<p>Poich\u00e9 questi dati sono inconfutabili (la scienza \u00e8 alla base di quanto sopra), i 48 milioni di vaccinati che hanno ascoltato la comunit\u00e0 scientifica ed assicurato il senso civico, meritano la tutela prevista dall\u2019articolo 32 della Costituzione? Meritano che lo STATO agisca in modo tale da non esporli pi\u00f9 all\u2019infezione di un virus che muta? Verrebbe da dire: CERTAMENTE!<\/p>\n\n\n\n<p>Quindi, visto che il vaccino \u00e8 l\u2019arma pi\u00f9 potente in uso, lo STATO deve garantire a 48 milioni di cittadini l\u2019immunit\u00e0 acquisita, messa a rischio dal comportamento di 5 milioni di cittadini non vaccinati i quali mantengono la diffusione virale e l\u2019insorgenza delle sue varianti; deve obbligare questa popolazione a vaccinarsi, per se stessa e per la stragrande maggioranza di cittadini che hanno semplicemente fatto il loro dovere. E lo deve fare per LEGGE!<\/p>\n\n\n\n<p>Se il trend di incremento infettivo prosegue, entro 30 gg si assister\u00e0 al raddoppio dei ricoverati nelle rianimazioni che ospiteranno 2.000 pazienti di cui 1.600 (l\u201980%) non vaccinati costretti a lottare per la vita, come fanno tutti i giorni gli Anestesisti Rianimatori Italiani (la mortalit\u00e0 nazionale nelle rianimazioni in era precovid \u00e8 del 15%: significa che 85 pazienti su 100 sopravvivono e tornano nelle loro case). \u00a0Di questi 1.600 pazienti, 480 moriranno. \u00a0Ma tanti altri pazienti che hanno prenotato interventi chirurgici programmati, saranno costretti a rinunciarvi spostandoli \u201cin avanti\u201d in \u201cdata da destinarsi\u201d, grazie proprio ai non vaccinati che, per essere adeguatamente e giustamente curati, spostano anestesisti rianimatori dalle sale operatorie che operano in programmazione alle nuove aree di rianimazione, aperte per fare fronte all\u2019ondata di pazienti (si veda marzo\/aprile 2020; novembre 2020 e marzo 2021).<\/p>\n\n\n\n<p>Nelle Marche la situazione non \u00e8 diversa: 40 pazienti (dati di 21 Dicembre 2021 &#8211; osservatorio regionale) sono ospiti delle rianimazioni marchigiane, pari al 16% dei PL regionali predisposti (250); di questi 32 non sono vaccinati (80%); se l\u2019incremento settimanale del 2% si mantiene costante, nel giro di un mese si potrebbe arrivare al 25% di occupazione dei PL (62 pazienti) , comportando una riduzione degli interventi programmati per dirottare anestesisti rianimatori a lavorare nelle rianimazioni progressivamente aperte. Perch\u00e9 anche nelle Marche, come in tutta Italia (da 5.500 P.L. precovid a 9.000), all\u2019incremento dei PL di rianimazione attuali (da 120 a 250) \u00a0non \u00e8 seguito un incremento di personale medico specialistico n\u00e9 di infermieri di area critica: quindi, il personale destinato all\u2019apertura delle nuove aree \u00e8 lo stesso in dotazione agli ospedali, semplicemente dirottato dalle sale operatorie alle rianimazioni (operazione che si ripete da febbraio 2020 ad ogni picco pandemico). Con buona pace dei pazienti che attendono di essere operati per interventi programmati.<\/p>\n\n\n\n<p>Ancora, nelle Marche 38 pazienti sono ricoverati in aree subintensive e 138 nei reparti Covid (18%); con quelli in Rianimazione, sono 216. I casi positivi di ieri sono 836 su 6.265 tamponi (13,4% di positivit\u00e0). Il virus si diffonde maggiormente nelle classi di popolazione giovane: dai 6 ai 18 anni 158 positivi (19%); dai 19 ai 44 anni 307 positivi (37%). In isolamento domiciliare vi sono 16.437 cittadini, di cui 200 operatori sanitari (1,2%). Dall\u2019inizio della pandemia ci sono stati 3.205 morti!<\/p>\n\n\n\n<p>Quale messaggio?<\/p>\n\n\n\n<p>Tutti debbono vaccinarsi: lo STATO deve muoversi e promuovere il diritto alla salute di tutti con l\u2019estensione dell\u2019obbligo vaccinale. Contemporaneamente, i cittadini devono garantire con il loro comportamento quotidiano la protezione individuale (mascherina \u2013 distanziamento e lavaggio delle mani).<\/p>\n\n\n\n<p>Tolentino 22 dicembre 2021&nbsp;&nbsp;&nbsp;&nbsp;&nbsp;&nbsp;&nbsp;&nbsp;&nbsp;&nbsp;&nbsp;&nbsp;&nbsp;&nbsp;&nbsp;&nbsp;&nbsp;&nbsp;&nbsp;&nbsp;&nbsp;&nbsp;&nbsp;&nbsp;&nbsp;&nbsp;&nbsp;&nbsp;&nbsp;&nbsp;&nbsp;&nbsp;&nbsp;&nbsp;&nbsp;&nbsp;&nbsp;&nbsp;&nbsp;&nbsp;&nbsp;&nbsp;&nbsp;&nbsp;&nbsp;&nbsp;&nbsp;&nbsp;&nbsp;&nbsp;&nbsp;<\/p>\n\n\n\n<p class=\"has-text-align-right\">\u00a0\u00a0\u00a0\u00a0\u00a0\u00a0\u00a0\u00a0\u00a0\u00a0\u00a0\u00a0\u00a0\u00a0\u00a0\u00a0\u00a0\u00a0\u00a0\u00a0\u00a0\u00a0\u00a0\u00a0\u00a0\u00a0\u00a0\u00a0\u00a0\u00a0\u00a0\u00a0\u00a0\u00a0\u00a0\u00a0\u00a0\u00a0\u00a0\u00a0\u00a0\u00a0\u00a0\u00a0\u00a0\u00a0\u00a0\u00a0\u00a0\u00a0\u00a0\u00a0\u00a0\u00a0\u00a0\u00a0\u00a0\u00a0\u00a0\u00a0\u00a0\u00a0\u00a0\u00a0\u00a0\u00a0\u00a0\u00a0\u00a0\u00a0\u00a0\u00a0\u00a0\u00a0\u00a0\u00a0\u00a0\u00a0\u00a0\u00a0\u00a0\u00a0\u00a0\u00a0\u00a0\u00a0\u00a0\u00a0\u00a0\u00a0\u00a0\u00a0\u00a0 <em>Dr Marco Chiarello<br>Presidente AAROI-EMAC Marche<\/em><\/p>\n","protected":false},"excerpt":{"rendered":"<p>Le riflessioni del Dr Marco Chiarello, Presidente AAROI-EMAC Marche, sull&#8217;attuale situazione sanitaria e sull&#8217;efficacia dei vaccini.<\/p>\n","protected":false},"author":35358,"featured_media":22612,"comment_status":"closed","ping_status":"closed","sticky":false,"template":"","format":"standard","meta":{"_links_to":"","_links_to_target":""},"categories":[646,39],"tags":[],"_links":{"self":[{"href":"https:\/\/www.aaroiemac.it\/notizie\/index.php?rest_route=\/wp\/v2\/posts\/25419"}],"collection":[{"href":"https:\/\/www.aaroiemac.it\/notizie\/index.php?rest_route=\/wp\/v2\/posts"}],"about":[{"href":"https:\/\/www.aaroiemac.it\/notizie\/index.php?rest_route=\/wp\/v2\/types\/post"}],"author":[{"embeddable":true,"href":"https:\/\/www.aaroiemac.it\/notizie\/index.php?rest_route=\/wp\/v2\/users\/35358"}],"replies":[{"embeddable":true,"href":"https:\/\/www.aaroiemac.it\/notizie\/index.php?rest_route=%2Fwp%2Fv2%2Fcomments&post=25419"}],"version-history":[{"count":1,"href":"https:\/\/www.aaroiemac.it\/notizie\/index.php?rest_route=\/wp\/v2\/posts\/25419\/revisions"}],"predecessor-version":[{"id":25420,"href":"https:\/\/www.aaroiemac.it\/notizie\/index.php?rest_route=\/wp\/v2\/posts\/25419\/revisions\/25420"}],"wp:featuredmedia":[{"embeddable":true,"href":"https:\/\/www.aaroiemac.it\/notizie\/index.php?rest_route=\/wp\/v2\/media\/22612"}],"wp:attachment":[{"href":"https:\/\/www.aaroiemac.it\/notizie\/index.php?rest_route=%2Fwp%2Fv2%2Fmedia&parent=25419"}],"wp:term":[{"taxonomy":"category","embeddable":true,"href":"https:\/\/www.aaroiemac.it\/notizie\/index.php?rest_route=%2Fwp%2Fv2%2Fcategories&post=25419"},{"taxonomy":"post_tag","embeddable":true,"href":"https:\/\/www.aaroiemac.it\/notizie\/index.php?rest_route=%2Fwp%2Fv2%2Ftags&post=25419"}],"curies":[{"name":"wp","href":"https:\/\/api.w.org\/{rel}","templated":true}]}}