{"id":26461,"date":"2022-02-12T10:23:00","date_gmt":"2022-02-12T09:23:00","guid":{"rendered":"https:\/\/www.aaroiemac.it\/notizie\/?p=26461"},"modified":"2022-03-14T19:41:54","modified_gmt":"2022-03-14T18:41:54","slug":"appalti-servizi-essenziali-la-contrarieta-dellaaroi-emac-marche","status":"publish","type":"post","link":"https:\/\/www.aaroiemac.it\/notizie\/?p=26461","title":{"rendered":"Appalti servizi essenziali nelle Marche, la contrariet\u00e0 dell&#8217;AAROI-EMAC"},"content":{"rendered":"\n<p><strong><em>La lettera inviata dal Dr Marco Chiarello, Presidente AAROI-EMAC Marche, ai Direttori Generali ASUR &#8211; AZ. OSP. RIUNITI -TORRETTE &#8211; AZ. OSPED. MARCHE NORD &#8211; AZ. INRCA e ai DIRETTORI AREE VASTE.<\/em><\/strong><\/p>\n\n\n\n<hr class=\"wp-block-separator\"\/>\n\n\n\n<p>Negli ultimi giorni sono apparsi sugli organi di stampa <strong>ipotesi di appalti privati per garantire servizi pubblici essenziali<\/strong> in risposta alla nota carenza di professionalit\u00e0 mediche in ambito di diverse discipline specialistiche.<\/p>\n\n\n\n<p>La tesi sostenuta dalle direzioni aziendali deriva da una parte dall&#8217;impossibilit\u00e0, peraltro provata da concorsi con scarsa se non nulla partecipazione, di reclutare figure specialistiche nell\u2019ambito delle discipline carenti, dall\u2019altra dalla necessit\u00e0 di garantire servizi minimi essenziali.<\/p>\n\n\n\n<p>Pur non condividendo in alcun modo il ricorso ad appalti privati, alcune discipline come quella che mi onoro di rappresentare hanno nel loro genoma istituzionale la necessaria garanzia professionale dettata dalla continuit\u00e0 assistenziale a supporto della medicina critica.<\/p>\n\n\n\n<p>La presente, quindi, per <strong>invitare le Loro Direzioni Aziendali a non utilizzare l\u2019appalto quale strumento di garanzia per la risposta pubblica alla necessit\u00e0 di supporto alla medicina critica ed all\u2019attivit\u00e0 di sala operatoria<\/strong>, ma addivenire al corretto ed appieno utilizzo dei sistemi attualmente garantiti dagli istituti contrattuali, quali quello dell\u2019attivit\u00e0 aggiuntiva, della convenzione tra aziende pubbliche, dell\u2019utilizzo di professionisti in possesso delle corrette equipollenze ed infine al ricorso al bando di concorsi quali quelli classicamente definiti ed in aggiunta quelli relativi ai colleghi degli ultimi anni del corso di specializzazione.<\/p>\n\n\n\n<p>L\u2019AAROIEMAC vigiler\u00e0 affinch\u00e8 eventuali libero professionisti utilizzati dalle aziende forniscano ogni garanzia professionale ed istituzionale nell\u2019espletamento dei loro mandati, la cui caratteristica non pu\u00f2 e non deve sostituire il ruolo pubblico della garanzia assistenziale in tema di sanit\u00e0, a maggior ragione se riguardante alcune specialit\u00e0 che per la loro \u201cgenetica\u201d sono deputate alla risposta pubblica al cittadino in ambito della medicina critica. &nbsp;&nbsp;&nbsp;&nbsp;&nbsp;<\/p>\n\n\n\n<p><em>Tolentino 12\/02\/2022<\/em><\/p>\n\n\n\n<p class=\"has-text-align-right\"><em>IL PRESIDENTE REGIONALE A.A.R.O.I. &#8211; EM.A.C<br>Dr Marco Chiarello<\/em><\/p>\n\n\n\n<p><strong><a href=\"https:\/\/www.aaroiemac.it\/notizie\/wp-content\/uploads\/2022\/02\/220212_Lettera-ASUR-Az-contrarieta\u0300-AAROIEMAC-appalti-12-febbraio-2022.pdf\" target=\"_blank\" rel=\"noreferrer noopener\">IL DOCUMENTO<\/a><\/strong><\/p>\n","protected":false},"excerpt":{"rendered":"<p>La lettera inviata dal Dr Marco Chiarello, Presidente AAROI-EMAC Marche, ai Direttori Generali ASUR &#8211; AZ. OSP. RIUNITI -TORRETTE &#8211; AZ. OSPED. MARCHE NORD &#8211; AZ. INRCA e ai DIRETTORI AREE VASTE.<\/p>\n","protected":false},"author":35358,"featured_media":19064,"comment_status":"closed","ping_status":"closed","sticky":false,"template":"","format":"standard","meta":{"_links_to":"","_links_to_target":""},"categories":[646,39],"tags":[712,716],"_links":{"self":[{"href":"https:\/\/www.aaroiemac.it\/notizie\/index.php?rest_route=\/wp\/v2\/posts\/26461"}],"collection":[{"href":"https:\/\/www.aaroiemac.it\/notizie\/index.php?rest_route=\/wp\/v2\/posts"}],"about":[{"href":"https:\/\/www.aaroiemac.it\/notizie\/index.php?rest_route=\/wp\/v2\/types\/post"}],"author":[{"embeddable":true,"href":"https:\/\/www.aaroiemac.it\/notizie\/index.php?rest_route=\/wp\/v2\/users\/35358"}],"replies":[{"embeddable":true,"href":"https:\/\/www.aaroiemac.it\/notizie\/index.php?rest_route=%2Fwp%2Fv2%2Fcomments&post=26461"}],"version-history":[{"count":2,"href":"https:\/\/www.aaroiemac.it\/notizie\/index.php?rest_route=\/wp\/v2\/posts\/26461\/revisions"}],"predecessor-version":[{"id":26809,"href":"https:\/\/www.aaroiemac.it\/notizie\/index.php?rest_route=\/wp\/v2\/posts\/26461\/revisions\/26809"}],"wp:featuredmedia":[{"embeddable":true,"href":"https:\/\/www.aaroiemac.it\/notizie\/index.php?rest_route=\/wp\/v2\/media\/19064"}],"wp:attachment":[{"href":"https:\/\/www.aaroiemac.it\/notizie\/index.php?rest_route=%2Fwp%2Fv2%2Fmedia&parent=26461"}],"wp:term":[{"taxonomy":"category","embeddable":true,"href":"https:\/\/www.aaroiemac.it\/notizie\/index.php?rest_route=%2Fwp%2Fv2%2Fcategories&post=26461"},{"taxonomy":"post_tag","embeddable":true,"href":"https:\/\/www.aaroiemac.it\/notizie\/index.php?rest_route=%2Fwp%2Fv2%2Ftags&post=26461"}],"curies":[{"name":"wp","href":"https:\/\/api.w.org\/{rel}","templated":true}]}}