{"id":28281,"date":"2022-06-20T09:17:00","date_gmt":"2022-06-20T07:17:00","guid":{"rendered":"https:\/\/www.aaroiemac.it\/notizie\/?p=28281"},"modified":"2022-07-08T10:24:47","modified_gmt":"2022-07-08T08:24:47","slug":"saqure-2022-quali-medici-per-quali-ospedali-alla-luce-del-pnrr%ef%bf%bc","status":"publish","type":"post","link":"https:\/\/www.aaroiemac.it\/notizie\/?p=28281","title":{"rendered":"SAQURE 2022: Quali Medici per quali Ospedali alla luce del PNRR?\ufffc"},"content":{"rendered":"\n<p class=\"has-text-align-center\"><strong>Lavoranti e Servizi in appalto ai Privati o Sanit\u00e0 Pubblica 3.0?<\/strong><\/p>\n\n\n\n<p>\u201c<em>Siamo passati attraverso un periodo difficilissimo, ma ora vogliamo e dobbiamo parlare di futuro, ossia di sanit\u00e0 futura nell\u2019ambito che direttamente ci riguarda, l\u2019Area Critica<\/em>\u201d. E\u2019 questo l\u2019obiettivo &#8211; sintetizzato dal Presidente Nazionale AAROI-EMAC, Alessandro Vergallo &#8211; di <strong>SAQURE 2022, il Meeting organizzato dal Sindacato dei Medici Anestesisti Rianimatori e dell\u2019Emergenza-Urgenza a Roma Eventi \u2013 Fontana di Trevi il 21 e il 22 Giugno<\/strong>.<\/p>\n\n\n\n<p>\u201c<em>La pandemia da SARS-COV 2 <\/em>\u2013 afferma Emanuele Iacobone, Responsabile Scientifico del Meeting \u2013 <em>ha sconvolto la vita delle persone, imponendo profondi cambiamenti al mondo sanitario. <strong>Ricorderemo sempre un prima e un dopo non solo nella vita di tutti i giorni, ma anche nell\u2019organizzazione e nella gestione ospedaliera, non solo durante l\u2019impatto pandemico, ma anche e soprattutto in prospettiva post-pandemica<\/strong>. \u00c8 il motivo per cui la terza edizione di SAQURE, mai come questa volta, \u00e8 fortemente proiettata nel futuro. <\/em><em>Paradossalmente, perfino l\u00ec dove affronteremo direttamente gli anni di pandemia attraverso il \u2018debriefing di una catastrofe\u2019, lo faremo pensando al domani, con la volont\u00e0 di analizzare l\u2019accaduto a tutto tondo, anche ad esempio dal punto di vista dei media, per non trovarci pi\u00f9 in situazioni simili a quelle vissute<\/em>\u201d.<\/p>\n\n\n\n<p>\u201c<em>Nella due giorni, in maniera trasversale tra le diverse sessioni, lo sguardo sar\u00e0 sempre rivolto in avanti<\/em> \u2013 ribadisce il Presidente AAROI-EMAC \u2013<em> nell\u2019affrontare tutte le tematiche che investono la professionalit\u00e0 dei medici che hanno affrontato l\u2019emergenza pandemica nelle sue manifestazioni cliniche ed epidemiologiche pi\u00f9 gravi, partendo dagli <strong>approfondimenti sugli interventi governativi adottati d\u2019urgenza per la riorganizzazione ospedaliera durante le fasi pi\u00f9 critiche<\/strong>, ed arrivando a quelli che si prefigurano all\u2019orizzonte per il rilancio dell\u2019erogazione delle cure, il cui rallentamento non \u00e8 ancora stato completamente risolto. Vi saranno <strong>focus sulle progressioni di carriera, sui turni di lavoro, sulla difficolt\u00e0 di conciliazione con la vita privata e familiare, sulle peculiarit\u00e0 di altissima prevalenza di rapporto esclusivo che caratterizzano in particolare i Medici Anestesisti Rianimatori ed ancor di pi\u00f9 quelli dell\u2019Emergenza-Urgenza<\/strong>, tutti elementi che minano l\u2019attrattivit\u00e0 di queste due specializzazioni, provocando una carenza di specialisti disponibili per essere assunti con rapporto di lavoro del pubblico impiego molto pi\u00f9 grave rispetto a tutte le altre.<\/em><\/p>\n\n\n\n<p><em>Si tratta di criticit\u00e0 \u2013 prosegue Vergallo \u2013 di cui dovr\u00e0 obbligatoriamente tener conto <strong>il prossimo imminente rinnovo contrattuale, con adeguate specifiche voci stipendiali, a meno che non vi sia la volont\u00e0 politica di appaltare le Rianimazioni e soprattutto i Pronto Soccorso, oltretutto a costi pubblici enormemente pi\u00f9 alti come sta gi\u00e0 accadendo, a medici in un modo o nell\u2019altro \u201ca cottimo\u201d<\/strong>. Saranno naturalmente affrontati anche i temi della responsabilit\u00e0 professionale e della tutela assicurativa, anch\u2019essi peculiari di entrambe le discipline, oltre che <\/em><em>quelli delle nuove tecnologie, della telemedicina, dell\u2019intelligenza artificiale in Anestesia e Rianimazione, della Mobile Technology al servizio dell\u2019Area Critica, cos\u00ec come, grazie anche all\u2019esperienza ormai pluriennale del Centro di Simulazione Avanzata AAROI-EMAC SimuLearn<sup>\u00ae<\/sup>, sar\u00e0 dato risalto all\u2019importanza della simulazione per l\u2019aggiornamento e lo sviluppo delle competenze in settori cos\u00ec delicati.<\/em><\/p>\n\n\n\n<p><em>Sempre collegati ai futuri sviluppi professionali sono <strong>il focus sulla medicina di emergenza-urgenza e sulla sanit\u00e0 civile e militare in Area Critic<\/strong>a e la sessione dedicata all\u2019importante <strong>ruolo delle Societ\u00e0 Scientifiche<\/strong>, alla <strong>Programmazione della Scuola di Specializzazione ARTID<\/strong> e al <strong>ruolo del Sindacato anche per la MEU<\/strong>.<\/em><\/p>\n\n\n\n<p><em>Il Meeting sar\u00e0 <\/em>\u2013 conclude il Presidente AAROI-EMAC \u2013 <em>anche l\u2019occasione per <strong>far luce sul Piano Nazionale di Ripresa e Resilienza (PNRR)<\/strong> e di come questo possa cambiare il mondo sanitario in generale e l\u2019organizzazione del lavoro degli Anestesisti Rianimatori e dei Medici dell\u2019Emergenza-Urgenza<\/em>.\u201d <em><\/em><\/p>\n","protected":false},"excerpt":{"rendered":"<p>Il Comunicato Stampa di SAQURE 2022, il Meeting organizzato dal Sindacato dei Medici Anestesisti Rianimatori e dell\u2019Emergenza-Urgenza che si svolger\u00e0 a Roma Eventi \u2013 Fontana di Trevi il 21 e il 22 Giugno.<\/p>\n","protected":false},"author":35358,"featured_media":28282,"comment_status":"closed","ping_status":"closed","sticky":false,"template":"","format":"standard","meta":{"_links_to":"","_links_to_target":""},"categories":[644,68],"tags":[],"_links":{"self":[{"href":"https:\/\/www.aaroiemac.it\/notizie\/index.php?rest_route=\/wp\/v2\/posts\/28281"}],"collection":[{"href":"https:\/\/www.aaroiemac.it\/notizie\/index.php?rest_route=\/wp\/v2\/posts"}],"about":[{"href":"https:\/\/www.aaroiemac.it\/notizie\/index.php?rest_route=\/wp\/v2\/types\/post"}],"author":[{"embeddable":true,"href":"https:\/\/www.aaroiemac.it\/notizie\/index.php?rest_route=\/wp\/v2\/users\/35358"}],"replies":[{"embeddable":true,"href":"https:\/\/www.aaroiemac.it\/notizie\/index.php?rest_route=%2Fwp%2Fv2%2Fcomments&post=28281"}],"version-history":[{"count":3,"href":"https:\/\/www.aaroiemac.it\/notizie\/index.php?rest_route=\/wp\/v2\/posts\/28281\/revisions"}],"predecessor-version":[{"id":28554,"href":"https:\/\/www.aaroiemac.it\/notizie\/index.php?rest_route=\/wp\/v2\/posts\/28281\/revisions\/28554"}],"wp:featuredmedia":[{"embeddable":true,"href":"https:\/\/www.aaroiemac.it\/notizie\/index.php?rest_route=\/wp\/v2\/media\/28282"}],"wp:attachment":[{"href":"https:\/\/www.aaroiemac.it\/notizie\/index.php?rest_route=%2Fwp%2Fv2%2Fmedia&parent=28281"}],"wp:term":[{"taxonomy":"category","embeddable":true,"href":"https:\/\/www.aaroiemac.it\/notizie\/index.php?rest_route=%2Fwp%2Fv2%2Fcategories&post=28281"},{"taxonomy":"post_tag","embeddable":true,"href":"https:\/\/www.aaroiemac.it\/notizie\/index.php?rest_route=%2Fwp%2Fv2%2Ftags&post=28281"}],"curies":[{"name":"wp","href":"https:\/\/api.w.org\/{rel}","templated":true}]}}