{"id":28293,"date":"2022-06-24T12:58:00","date_gmt":"2022-06-24T10:58:00","guid":{"rendered":"https:\/\/www.aaroiemac.it\/notizie\/?p=28293"},"modified":"2022-06-26T15:28:56","modified_gmt":"2022-06-26T13:28:56","slug":"aaroi-emac-fvg-in-regione-numero-automediche-inadeguato-e-insufficiente","status":"publish","type":"post","link":"https:\/\/www.aaroiemac.it\/notizie\/?p=28293","title":{"rendered":"AAROI-EMAC FVG: in Regione numero automediche inadeguato e insufficiente."},"content":{"rendered":"\n<p>Dopo i dati farlocchi e le fumose ricostruzioni sui numeri dei posti letto delle Terapie Intensive<em> <\/em>in FVG, dopo le falsit\u00e0 dette in Terza Commissione dal dott. Tonutti gi\u00e0 Direttore ARCS sul funzionamento del sistema emergenza urgenza, adesso \u00e8 il turno dei dati sul numero delle Automediche in FVG, numero che da anni questa Associazione contesta come assolutamente inadeguato ed insufficiente.<\/p>\n\n\n\n<p>Il comunicato stampa della Regione dd 22 giugno 2022 riporterebbe addirittura un fantasmagorico, surreale, inesistente aumento delle automediche diurne in FVG del 51% (???) rispetto a quanto previsto dal PEU del 2015.<\/p>\n\n\n\n<p>Dispiace segnalare all\u2019Assessore che il pallottoliere regionale sia di nuovo malfunzionante perch\u00e8 il PEU FVG prevede indiscutibilmente n. 6 automediche h 24 (Trieste, Gorizia, Latisana, Udine, Tolmezzo, Pordenone) mentre la fotografia odierna \u00e8 altrettanto indiscutibilmente la seguente: n. 4 automediche h 24 (Trieste, Gradisca, Udine, Pordenone) e n. 2 automediche h 12 (Latisana e Opicina).<\/p>\n\n\n\n<p>Quindi, se la matematica non \u00e8 un\u2019opinione siamo di fronte ad una riduzione totale di circa il 20% (!!!) delle automediche previste dal piano regionale con una chiara evidenza di alcune zone ben tutelate ed altre completamente e pericolosamente scoperte (tutta la Carnia per esempio).<\/p>\n\n\n\n<p>Sarebbe d\u2019uopo a questo punto, una smentita da parte dell\u2019Assessore competente ed una censura e rimozione immediata di chi gli ha fornito questi numeri falsi. ARCS, azienda che \u201cdovrebbe\u201d governare il sistema di emergenza urgenza regionale, deve essere rigorosa e trasparente soprattutto in questo momento delicato e decisivo di revisione del sistema in toto.<\/p>\n\n\n\n<p>Allarmano moltissimo infine i dati sulle tempistiche di intervento sui codici rossi in FVG: secondo il report regionale solamente il 20% dei casi vedrebbe garantito un tempestivo ed adeguato soccorso entro 8 minuti, un dato assolutamente preoccupante ed al di sotto di qualsiasi standard minimo di sicurezza e qualit\u00e0.<\/p>\n\n\n\n<p><em>La Segreteria<\/em><br><em>AAROI EMAC FVG<\/em><\/p>\n\n\n\n<p><\/p>\n\n\n\n<p>In allegato:<br><a href=\"https:\/\/www.aaroiemac.it\/notizie\/wp-content\/uploads\/2022\/06\/Documenti.pdf\" target=\"_blank\" rel=\"noreferrer noopener\"><strong>CS Regione FVG dd 22\/6\/2022 &#8211; Stralcio PEU 2015 su numero automediche previste<\/strong><\/a><\/p>\n","protected":false},"excerpt":{"rendered":"<p>Dopo i dati farlocchi e le fumose ricostruzioni sui numeri dei posti letto delle Terapie Intensive in FVG, dopo le falsit\u00e0 dette in Terza Commissione dal dott. Tonutti gi\u00e0 Direttore ARCS sul funzionamento del sistema emergenza urgenza, adesso \u00e8 il turno dei dati sul numero delle Automediche in FVG.<\/p>\n","protected":false},"author":35358,"featured_media":27159,"comment_status":"closed","ping_status":"closed","sticky":false,"template":"","format":"standard","meta":{"_links_to":"","_links_to_target":""},"categories":[646,35],"tags":[616],"_links":{"self":[{"href":"https:\/\/www.aaroiemac.it\/notizie\/index.php?rest_route=\/wp\/v2\/posts\/28293"}],"collection":[{"href":"https:\/\/www.aaroiemac.it\/notizie\/index.php?rest_route=\/wp\/v2\/posts"}],"about":[{"href":"https:\/\/www.aaroiemac.it\/notizie\/index.php?rest_route=\/wp\/v2\/types\/post"}],"author":[{"embeddable":true,"href":"https:\/\/www.aaroiemac.it\/notizie\/index.php?rest_route=\/wp\/v2\/users\/35358"}],"replies":[{"embeddable":true,"href":"https:\/\/www.aaroiemac.it\/notizie\/index.php?rest_route=%2Fwp%2Fv2%2Fcomments&post=28293"}],"version-history":[{"count":2,"href":"https:\/\/www.aaroiemac.it\/notizie\/index.php?rest_route=\/wp\/v2\/posts\/28293\/revisions"}],"predecessor-version":[{"id":28300,"href":"https:\/\/www.aaroiemac.it\/notizie\/index.php?rest_route=\/wp\/v2\/posts\/28293\/revisions\/28300"}],"wp:featuredmedia":[{"embeddable":true,"href":"https:\/\/www.aaroiemac.it\/notizie\/index.php?rest_route=\/wp\/v2\/media\/27159"}],"wp:attachment":[{"href":"https:\/\/www.aaroiemac.it\/notizie\/index.php?rest_route=%2Fwp%2Fv2%2Fmedia&parent=28293"}],"wp:term":[{"taxonomy":"category","embeddable":true,"href":"https:\/\/www.aaroiemac.it\/notizie\/index.php?rest_route=%2Fwp%2Fv2%2Fcategories&post=28293"},{"taxonomy":"post_tag","embeddable":true,"href":"https:\/\/www.aaroiemac.it\/notizie\/index.php?rest_route=%2Fwp%2Fv2%2Ftags&post=28293"}],"curies":[{"name":"wp","href":"https:\/\/api.w.org\/{rel}","templated":true}]}}