{"id":29704,"date":"2022-10-10T17:28:11","date_gmt":"2022-10-10T15:28:11","guid":{"rendered":"https:\/\/www.aaroiemac.it\/notizie\/?p=29704"},"modified":"2022-10-27T13:35:26","modified_gmt":"2022-10-27T11:35:26","slug":"29704","status":"publish","type":"post","link":"https:\/\/www.aaroiemac.it\/notizie\/?p=29704","title":{"rendered":"COVID. L&#8217;intervista del Presidente Nazionale all&#8217;AdnKronos"},"content":{"rendered":"\n<p>L&#8217;intervista dell&#8217;AdnKronos Salute al Presidente Nazionale AAROI-EMAC, Alessandro Vergallo, sugli ultimi dati Covid.<\/p>\n\n\n\n<p>&#8220;<em>La stratificazione degli effetti della campagna vaccinale anti-Covid in qualche modo ha coperto fino ad oggi i pi\u00f9 deboli e i pi\u00f9 fragili, ma ora stiamo vedendo gli effetti di un&#8217;apertura tout court. Salgono i casi, ma \u00e8 anche fortunatamente cambiata l&#8217;espressione patologica del virus proprio grazie ai vaccini. Pur avendo capito che si conviver\u00e0 con Sars-CoV-2, sarebbero necessari atteggiamenti prudenziali. Questo trend positivo di crescita lo vedremo fino a dopo Natale, con in pi\u00f9 la sovrapposizione con un&#8217;influenza che negli ultimi due anni era crollata, grazie all&#8217;uso diffuso delle mascherine, e che oggi \u00e8 temibile<\/em>&#8220;<br><br>Secondo gli anestesisti, &#8220;<em>questa ondata avr\u00e0 un impatto su tutto il Ssn, vediamo gi\u00e0 che in alcuni ospedali viene segnalato un leggero aumento degli operatori sanitari positivi &#8211; osserva &#8211; e questo vuole dire che alcuni reparti e servizi ne risentono, con una situazione delle prestazioni non Covid che ancora deve essere recuperata. Un problema in pi\u00f9 per l&#8217;organizzazione ospedaliera<\/em>&#8220;.<br><br>&#8220;<em>Saremo molto attenti alle prime mosse e alle dichiarazioni del nuovo Governo sulla gestione Covid e sulla necessaria prevenzione da mettere in atto in caso di risalita importante dei casi. A noi piacerebbe che in materia di strategie anti-Covid non si facesse l&#8217;opposto rispetto al Governo uscente. Auspichiamo che non ci sia un atteggiamento ideologico rispetto alle misure varate dal ministro della Salute Roberto Speranza. Chiediamo che si ascolti la scienza e che ogni decisione, come fatto nei due esecutivi precedenti, venga presa in base alle evidenze scientifiche. Anzi, la speranza \u00e8 che vengano implementate le risorse proprio in questo senso<\/em>&#8220;.<\/p>\n\n\n\n<p><a href=\"https:\/\/www.adnkronos.com\/covid-italia-e-nuova-ondata-coronavirus-cosa-sta-succedendo-parlano-gli-esperti_2muz3XatGVnXJpZDkDTX6D?refresh_ce&amp;fbclid=IwAR1nBO3NRXlVchmzP2FIRUnm9Voqbh87dyi-f2XNTpYeRBgttaZxaZOm8M8\" target=\"_blank\" rel=\"noreferrer noopener\"><strong>LEGGI L&#8217;ARTICOLO INTEGRALE<\/strong><\/a><br><\/p>\n","protected":false},"excerpt":{"rendered":"<p>L&#8217;intervista dell&#8217;AdnKronos Salute al Presidente Nazionale AAROI-EMAC, Alessandro Vergallo, sugli ultimi dati Covid. &#8220;La stratificazione degli effetti della campagna vaccinale anti-Covid in qualche modo ha coperto fino ad oggi i pi\u00f9 deboli e i pi\u00f9 fragili, ma ora stiamo vedendo gli effetti di un&#8217;apertura tout court&#8230;&#8221;<\/p>\n","protected":false},"author":35358,"featured_media":29706,"comment_status":"closed","ping_status":"closed","sticky":false,"template":"","format":"standard","meta":{"_links_to":"","_links_to_target":""},"categories":[644,28],"tags":[848,654],"_links":{"self":[{"href":"https:\/\/www.aaroiemac.it\/notizie\/index.php?rest_route=\/wp\/v2\/posts\/29704"}],"collection":[{"href":"https:\/\/www.aaroiemac.it\/notizie\/index.php?rest_route=\/wp\/v2\/posts"}],"about":[{"href":"https:\/\/www.aaroiemac.it\/notizie\/index.php?rest_route=\/wp\/v2\/types\/post"}],"author":[{"embeddable":true,"href":"https:\/\/www.aaroiemac.it\/notizie\/index.php?rest_route=\/wp\/v2\/users\/35358"}],"replies":[{"embeddable":true,"href":"https:\/\/www.aaroiemac.it\/notizie\/index.php?rest_route=%2Fwp%2Fv2%2Fcomments&post=29704"}],"version-history":[{"count":2,"href":"https:\/\/www.aaroiemac.it\/notizie\/index.php?rest_route=\/wp\/v2\/posts\/29704\/revisions"}],"predecessor-version":[{"id":29709,"href":"https:\/\/www.aaroiemac.it\/notizie\/index.php?rest_route=\/wp\/v2\/posts\/29704\/revisions\/29709"}],"wp:featuredmedia":[{"embeddable":true,"href":"https:\/\/www.aaroiemac.it\/notizie\/index.php?rest_route=\/wp\/v2\/media\/29706"}],"wp:attachment":[{"href":"https:\/\/www.aaroiemac.it\/notizie\/index.php?rest_route=%2Fwp%2Fv2%2Fmedia&parent=29704"}],"wp:term":[{"taxonomy":"category","embeddable":true,"href":"https:\/\/www.aaroiemac.it\/notizie\/index.php?rest_route=%2Fwp%2Fv2%2Fcategories&post=29704"},{"taxonomy":"post_tag","embeddable":true,"href":"https:\/\/www.aaroiemac.it\/notizie\/index.php?rest_route=%2Fwp%2Fv2%2Ftags&post=29704"}],"curies":[{"name":"wp","href":"https:\/\/api.w.org\/{rel}","templated":true}]}}