{"id":30067,"date":"2022-11-14T13:08:27","date_gmt":"2022-11-14T12:08:27","guid":{"rendered":"https:\/\/www.aaroiemac.it\/notizie\/?p=30067"},"modified":"2022-11-14T13:08:31","modified_gmt":"2022-11-14T12:08:31","slug":"aaroi-emac-molise-su-assunzione-medici-anestesisti-rianimatori","status":"publish","type":"post","link":"https:\/\/www.aaroiemac.it\/notizie\/?p=30067","title":{"rendered":"AAROI-EMAC Molise su assunzione Medici Anestesisti Rianimatori"},"content":{"rendered":"\n<p>Con riferimento alle notizie diffuse dagli organi d\u2019informazione regionali relative all\u2019assunzione di n.ro 16 Medici Anestesisti-Rianimatori, pur apprezzando gli sforzi intrapresi dall\u2019Azienda Sanitaria Regionale del Molise per colmare la gravissima carenza di organico delle Unit\u00e0 Operative di Anestesia e Rianimazione, occorre precisare che le notizie diffuse, che essendo molto verosimilmente riferite alla deliberazione del Direttore Generale n.ro 1325 del 09.11.2022 di approvazione della graduatoria relativa a un concorso finalizzato all\u2019assunzione di n.23 medici nella disciplina di Anestesia e Rianimazione, al momento non sembra, invece, che possano essere riferite alla effettiva assunzione degli stessi. Dalla suddetta graduatoria emerge che sono risultati idonei n.ro 16 medici di cui uno soltanto risulta essere specialista nella disciplina, mentre tutti gli altri risultano essere specializzandi e non gi\u00e0 specialisti.<br>Premesso anche che \u00e8 nella linea della Associazione, dallo scrivente rappresentata in Molise, collaborare alla formazione e all\u2019inserimento lavorativo dei giovani colleghi specializzandi, nonch\u00e9 collaborare affinch\u00e9 in costoro possa crescere un senso di appartenenza alle strutture pubbliche regionali cosicch\u00e9 possano assicurare il turnover e il necessario ricambio generazionale, occorre per\u00f2, a tal fine, precisare le modalit\u00e0 e limiti che la normativa vigente prevede circa il loro impiego.<br>Se si tiene, dunque, conto di quanto sopra e delle normative vigenti vedremo come appare non ancora risolta la grave carenza di medici anestesisti rianimatori negli ospedali pubblici molisani. In sintesi per quanto riguarda le mansioni alle quali pu\u00f2 essere adibito uno specializzando reclutato in libera professione o assunto con rapporto di lavoro dipendente si fa presente che i \u201cprivileges degli specializzandi\u201d restano regolati dal DL 17\/8\/99 n.368 che all\u2019art.38 recita:<\/p>\n\n\n\n<ol start=\"3\"><li>La formazione del medico specialista implica la partecipazione guidata alla totalit\u00e0 delle attivit\u00e0 mediche dell&#8217;unit\u00e0 operativa presso la quale \u00e8 assegnato dal Consiglio della scuola, nonch\u00e9 la graduale assunzione di compiti assistenziali e l&#8217;esecuzione di interventi con autonomia vincolate alle direttive ricevute dal tutore, di intesa con la direzione sanitaria e con dirigenti responsabili delle strutture delle aziende sanitarie presso cui si svolge la formazione. In nessun caso l&#8217;attivit\u00e0 del medico in formazione specialistica \u00e8 sostitutiva del personale di ruolo.<\/li><li>I tempi e le modalit\u00e0 di svolgimento dei compiti assistenziali nonch\u00e9 la tipologia degli interventi che il medico in formazione specialistica deve eseguire sono concordati dal Consiglio della scuola con la direzione sanitaria e con i dirigenti responsabili delle strutture delle aziende sanitarie presso le quali lo stesso svolge la formazione sulla base del programma formativo personale di cui al comma 2. Le attivit\u00e0 e gli interventi sono illustrati e certificati, controfirmati dal medico in formazione specialistica, su un apposito libretto personale di formazione, a cura del dirigente responsabile dell&#8217;unita&#8217; operativa presso la quale il medico in formazione specialistica volta per volta espleta le attivit\u00e0 assistenziali previste dal programma formativo di cui al comma 2.<br>L&#8217;art.1, comma 548-bis, della legge 30 dicembre 2018, n. 145, riferendosi ai medici specializzandi recita:<br>&#8220;Essi svolgono attivit\u00e0 assistenziali coerenti con il livello di competenze e di autonomia raggiunto e correlato all&#8217;ordinamento didattico di corso, alle attivit\u00e0 professionalizzanti nonch\u00e9 al programma formativo seguito e all&#8217;anno di corso di studi superato.&#8221; &#8211;<br>Dunque, appare opportuno consigliare la stesura di una procedura concordata tra il Direttore della Scuola di Specializzazione e gli specializzandi vidimata dalla Direzione Sanitaria dove vengano esplicitate di comune accordo le attivit\u00e0 alle quali gli specializzandi possano essere adibiti, le metodiche ed il personale coinvolto tenuto conto che, per completezza, c\u2019\u00e8 da citare il Decreto Legge 14 agosto 2020, n. 104 che all\u2019art.29 recita:<\/li><\/ol>\n\n\n\n<ol start=\"5\"><li>Ferma restando la supervisione del tutor, tenendo altres\u00ec conto del livello di competenze e di autonomia raggiunto, dalla data di entrata in vigore del presente decreto e fino al 31 dicembre 2020, i medici iscritti all&#8217;ultimo anno del corso di formazione specialistica nonch\u00e9, qualora questo abbia durata quinquennale, al penultimo anno del relativo corso, nell&#8217;espletamento delle attivit\u00e0 assistenziali presso le aziende ed enti del Servizio sanitario nazionale, stilano i referti delle visite, degli esami e delle prestazioni specialistiche con esclusivo riferimento alle sole visite, esami e prestazioni di controllo ambulatoriali. La refertazione delle prime visite, esami e prestazioni specialistiche e&#8217; invece riservata al medico specialista.<\/li><\/ol>\n\n\n\n<ol start=\"6\"><li>Il possesso della specializzazione e&#8217; comunque richiesto per le refertazioni relative alle seguenti branche specialistiche: anestesia rianimazione terapia intensiva e del dolore; medicina nucleare, radiodiagnostica, radioterapia.<br>Concludendo e ribadendo che \u201cIn nessun caso l&#8217;attivit\u00e0 del medico in formazione specialistica \u00e8 sostitutiva del personale di ruolo\u201d si ritiene che occorre proseguire nell\u2019impegno di reclutare medici anestesisti rianimatori da impiegare negli ospedali pubblici molisani, in quanto, ammesso anche che tutti i 16 colleghi della richiamata graduatoria siano disponibili a prendere servizio, i 15 specializzandi sarebbero in qualche modo utili a mitigare le carenze di organico, ma, tenuto conto delle richiamate norme, non sufficienti, al momento, a risolverle.<\/li><\/ol>\n\n\n\n<p class=\"has-text-align-right\"><em>David Di Lello<br>Presidente della Sezione Molise AAROI-EMAC<\/em><\/p>\n","protected":false},"excerpt":{"rendered":"<p>L&#8217;intervento del Dr David Di Lello, Presidente AAROI-EMAC Molise, in merito all&#8217;assunzione di medici anestesisti rianimatori presso le strutture sanitarie regionali.<\/p>\n","protected":false},"author":35358,"featured_media":19127,"comment_status":"closed","ping_status":"closed","sticky":false,"template":"","format":"standard","meta":{"_links_to":"","_links_to_target":""},"categories":[646,40],"tags":[],"_links":{"self":[{"href":"https:\/\/www.aaroiemac.it\/notizie\/index.php?rest_route=\/wp\/v2\/posts\/30067"}],"collection":[{"href":"https:\/\/www.aaroiemac.it\/notizie\/index.php?rest_route=\/wp\/v2\/posts"}],"about":[{"href":"https:\/\/www.aaroiemac.it\/notizie\/index.php?rest_route=\/wp\/v2\/types\/post"}],"author":[{"embeddable":true,"href":"https:\/\/www.aaroiemac.it\/notizie\/index.php?rest_route=\/wp\/v2\/users\/35358"}],"replies":[{"embeddable":true,"href":"https:\/\/www.aaroiemac.it\/notizie\/index.php?rest_route=%2Fwp%2Fv2%2Fcomments&post=30067"}],"version-history":[{"count":1,"href":"https:\/\/www.aaroiemac.it\/notizie\/index.php?rest_route=\/wp\/v2\/posts\/30067\/revisions"}],"predecessor-version":[{"id":30068,"href":"https:\/\/www.aaroiemac.it\/notizie\/index.php?rest_route=\/wp\/v2\/posts\/30067\/revisions\/30068"}],"wp:featuredmedia":[{"embeddable":true,"href":"https:\/\/www.aaroiemac.it\/notizie\/index.php?rest_route=\/wp\/v2\/media\/19127"}],"wp:attachment":[{"href":"https:\/\/www.aaroiemac.it\/notizie\/index.php?rest_route=%2Fwp%2Fv2%2Fmedia&parent=30067"}],"wp:term":[{"taxonomy":"category","embeddable":true,"href":"https:\/\/www.aaroiemac.it\/notizie\/index.php?rest_route=%2Fwp%2Fv2%2Fcategories&post=30067"},{"taxonomy":"post_tag","embeddable":true,"href":"https:\/\/www.aaroiemac.it\/notizie\/index.php?rest_route=%2Fwp%2Fv2%2Ftags&post=30067"}],"curies":[{"name":"wp","href":"https:\/\/api.w.org\/{rel}","templated":true}]}}