{"id":30142,"date":"2022-11-24T11:23:32","date_gmt":"2022-11-24T10:23:32","guid":{"rendered":"https:\/\/www.aaroiemac.it\/notizie\/?p=30142"},"modified":"2022-12-05T16:27:21","modified_gmt":"2022-12-05T15:27:21","slug":"manovra-economica-solo-briciole-per-la-sanita-intersindacale-pronta-allo-stato-di-agitazione","status":"publish","type":"post","link":"https:\/\/www.aaroiemac.it\/notizie\/?p=30142","title":{"rendered":"Manovra economica: solo briciole per la sanit\u00e0. Intersindacale pronta allo Stato di Agitazione"},"content":{"rendered":"\n<p>Le organizzazioni sindacali dei medici, veterinari e dirigenti sanitari A<strong>NAAO ASSOMED \u2013 CIMO-FESMED (ANPO-ASCOTI \u2013 CIMO &#8211; CIMOP &#8211; FESMED) \u2013 AAROI-EMAC \u2013 FASSID (AIPAC-AUPI-SIMET-SINAFO-SNR) \u2013 FP CGIL MEDICI E DIRIGENTI SSN \u2013 FVM Federazione Veterinari e Medici \u2013 UIL FPL COORDINAMENTO NAZIONALE DELLE AREE CONTRATTUALI MEDICA, VETERINARIA SANITARIA \u2013 CISL MEDICI<\/strong> esprimono preoccupazione per i contenuti della manovra economica presentata dal Governo.<\/p>\n\n\n\n<p><strong>Alla sanit\u00e0 del 2023 vengono destinate certo pi\u00f9 risorse, ma per bollette e vaccini e farmaci anti Covid, non&nbsp;per servizi e personale<\/strong>. Anche la promessa indennit\u00e0 di Pronto Soccorso viene rinviata al 2024. Niente per il Contratto di lavoro 2019-2021, che prevede incrementi pari a un terzo del tasso inflattivo attuale, e nessun finanziamento per quello 2022-2024.<\/p>\n\n\n\n<p><strong>Le condizioni di lavoro dei dirigenti medici, veterinari e sanitari, divenute insopportabili, anche a causa di una pandemia non ancora superata, alimentano uno stato di crisi della sanit\u00e0 pubblica che ha ridotto il SSN a malato terminale<\/strong>. Le fughe di massa dei professionisti, insieme con l\u2019insoddisfazione e lo scontento di chi non fugge, suonano un allarme che, per\u00f2, non arriva alle orecchie del Ministro della Salute e del Governo che non vedono organici drammaticamente ridotti al lumicino al punto da mettere a rischio l\u2019accesso dei cittadini alla prevenzione e alle cure, insieme con la loro qualit\u00e0 e sicurezza.<\/p>\n\n\n\n<p><strong>Servono investimenti per le retribuzioni e per le assunzioni<\/strong>, perch\u00e8 la carenza di specialisti non&nbsp;pu\u00f2 essere colmata dalle cooperative dei medici a gettone, pagati per lo stesso lavoro il triplo dei dipendenti e gratificati di una flat tax che porta a livelli intollerabili anche il differenziale contributivo. Una miscela che agisce da potente calamita.<\/p>\n\n\n\n<p>Le premesse erano state migliori. Un Governo nuovo, politico in quanto nato dalla volont\u00e0 elettorale, un medico ministro, un tecnico. Ma ad oggi di tecnico, e di nuovo, abbiamo visto ben poco. Abbiamo registrato solo una dichiarazione circa l&#8217;opportunit\u00e0 di aumentare la retribuzione, non ancora seguita da fatti concreti.<\/p>\n\n\n\n<p><strong>Nemmeno una convocazione da parte del Ministro, o un accenno, bench\u00e9 richiesto pi\u00f9 volte e in pi\u00f9 tempi<\/strong>. Non una sola parola sul rinnovo di un contratto di lavoro che impolvera nelle stanze del MEF candidato ormai a gestire anche la salute.<\/p>\n\n\n\n<p><strong>Se questa \u00e8 la considerazione in cui vengono tenuti migliaia di professionisti che hanno evitato al Paese una caporetto sanitaria, essi reagiranno con un corale \u201cbasta\u201d<\/strong>: ai turni eccessivi, al lavoro oltre l\u2019orario dovuto, a fare in tre il lavoro di sei, a rubare tempo alla vita. Per godersi, finalmente, 5 milioni di giornate di ferie arretrate, recuperare 10 milioni di ore di straordinario, stare a casa a Natale e S. Stefano. Senza farsi mancare Capodanno e Befana.<\/p>\n\n\n\n<p><strong>I dirigenti medici, veterinari e sanitari del SSN, in mancanza di segnali immediati e concreti, porteranno nelle piazze la loro insoddisfazione e la loro rabbia<\/strong>. Se per guadagnare attenzione e rispetto occorre fare come altre categorie hanno fatto, noi siamo pronti. <strong>Pronti dallo stato di agitazione a tutte le iniziative necessarie per difendere e tutelare la sanit\u00e0 pubblica e il lavoro del suo capitale umano<\/strong>.<\/p>\n\n\n\n<p>Da troppo tempo si sta seminando vento. Nessuno si meravigli se si raccoglie tempesta.<\/p>\n\n\n\n<p><strong>La sanit\u00e0 pubblica si fermer\u00e0 ore, giorni, settimane per non fermarsi per sempre.<\/strong><\/p>\n","protected":false},"excerpt":{"rendered":"<p>Le organizzazioni sindacali dei medici, veterinari e dirigenti sanitari esprimono preoccupazione per i contenuti della manovra economica presentata dal Governo.<\/p>\n","protected":false},"author":35358,"featured_media":30143,"comment_status":"closed","ping_status":"closed","sticky":false,"template":"","format":"standard","meta":{"_links_to":"","_links_to_target":""},"categories":[644,68,51],"tags":[],"_links":{"self":[{"href":"https:\/\/www.aaroiemac.it\/notizie\/index.php?rest_route=\/wp\/v2\/posts\/30142"}],"collection":[{"href":"https:\/\/www.aaroiemac.it\/notizie\/index.php?rest_route=\/wp\/v2\/posts"}],"about":[{"href":"https:\/\/www.aaroiemac.it\/notizie\/index.php?rest_route=\/wp\/v2\/types\/post"}],"author":[{"embeddable":true,"href":"https:\/\/www.aaroiemac.it\/notizie\/index.php?rest_route=\/wp\/v2\/users\/35358"}],"replies":[{"embeddable":true,"href":"https:\/\/www.aaroiemac.it\/notizie\/index.php?rest_route=%2Fwp%2Fv2%2Fcomments&post=30142"}],"version-history":[{"count":3,"href":"https:\/\/www.aaroiemac.it\/notizie\/index.php?rest_route=\/wp\/v2\/posts\/30142\/revisions"}],"predecessor-version":[{"id":30254,"href":"https:\/\/www.aaroiemac.it\/notizie\/index.php?rest_route=\/wp\/v2\/posts\/30142\/revisions\/30254"}],"wp:featuredmedia":[{"embeddable":true,"href":"https:\/\/www.aaroiemac.it\/notizie\/index.php?rest_route=\/wp\/v2\/media\/30143"}],"wp:attachment":[{"href":"https:\/\/www.aaroiemac.it\/notizie\/index.php?rest_route=%2Fwp%2Fv2%2Fmedia&parent=30142"}],"wp:term":[{"taxonomy":"category","embeddable":true,"href":"https:\/\/www.aaroiemac.it\/notizie\/index.php?rest_route=%2Fwp%2Fv2%2Fcategories&post=30142"},{"taxonomy":"post_tag","embeddable":true,"href":"https:\/\/www.aaroiemac.it\/notizie\/index.php?rest_route=%2Fwp%2Fv2%2Ftags&post=30142"}],"curies":[{"name":"wp","href":"https:\/\/api.w.org\/{rel}","templated":true}]}}