{"id":30154,"date":"2022-11-28T10:01:50","date_gmt":"2022-11-28T09:01:50","guid":{"rendered":"https:\/\/www.aaroiemac.it\/notizie\/?p=30154"},"modified":"2022-12-07T19:49:13","modified_gmt":"2022-12-07T18:49:13","slug":"intersindacale-in-piazza-a-rom-igiovedi-15-dicembre-2022%ef%bf%bc","status":"publish","type":"post","link":"https:\/\/www.aaroiemac.it\/notizie\/?p=30154","title":{"rendered":"Intersindacale in Piazza a Roma gioved\u00ec 15 Dicembre 2022\ufffc"},"content":{"rendered":"\n<p>Le organizzazioni sindacali dei medici, veterinari e dirigenti sanitari ANAAO ASSOMED \u2013 CIMO-FESMED (ANPO-ASCOTI \u2013 CIMO &#8211; CIMOP &#8211; FESMED) \u2013 AAROI-EMAC \u2013 FASSID (AIPAC-AUPI-SIMET-SINAFO-SNR) \u2013 FP CGIL MEDICI E DIRIGENTI SSN \u2013 FVM Federazione Veterinari e Medici \u2013 UIL FPL COORDINAMENTO NAZIONALE DELLE AREE CONTRATTUALI MEDICA, VETERINARIA SANITARIA \u2013 CISL MEDICI <strong>manifestano a Roma gioved\u00ec 15 dicembre 2022 in piazza SS Apostoli dalle ore 14.00.<\/strong><\/p>\n\n\n\n<p><strong><u>PER UN SERVIZIO SANITARIO PUBBLICO E NAZIONALE<\/u>:<\/strong><\/p>\n\n\n\n<p><strong><u>CHIEDIAMO CHE LA LEGGE DI BILANCIO 2023<\/u>:<\/strong><\/p>\n\n\n\n<ul><li>destini <strong>risorse reali alla salute dei cittadini<\/strong>;<\/li><li><strong>aumenti le assunzioni di personale medico, veterinario e sanitario<\/strong>, per migliorare le condizioni di lavoro all\u2019interno degli ospedali e dei presidi territoriali,<strong> superando i vincoli imposti dai tetti di spesa, per garantire ai cittadini i livelli essenziali di assistenza in tempi accettabili;<\/strong><\/li><li><strong>incrementi le retribuzioni del personale<\/strong>, oggi al terz\u2019ultimo posto in Europa, anche attraverso politiche di defiscalizzazione gi\u00e0 concesse alle partite IVA, al settore privato e ad altre categorie del pubblico impiego;<\/li><li><strong>renda accessibili a tutti i cittadini le prestazioni sanitarie appropriate<\/strong> contro l\u2019allungamento delle liste d\u2019attesa e i viaggi della speranza.<\/li><\/ul>\n\n\n\n<p><strong><u>MANIFESTIAMO CONTRO<\/u>:<\/strong><\/p>\n\n\n\n<ul><li><strong>il definanziamento ulteriore della sanit\u00e0 pubblica previsto nei prossimi anni<\/strong>, che costringer\u00e0 molti cittadini a doversi pagare le cure di tasca propria e ne spinger\u00e0 tanti altri nel limbo gi\u00e0 oggi molto affollato di coloro che non possono pagarsele;<\/li><li><strong>le briciole concesse dalla legge di bilancio 2023 al personale della sanit\u00e0 pubblica<\/strong>;<\/li><li><strong>il disinteresse della politica nei confronti degli \u201cangeli\u201d e degli \u201ceroi\u201d <\/strong>che hanno evitato al Paese una caporetto sanitaria ed economica;<\/li><li><strong>l\u2019assenza di un piano programmatico di riforma e di rilancio complessivo del SSN <\/strong>da parte delle forze politiche che superi la spinta alla privatizzazione;<\/li><li><strong>la regionalizzazione delle cure e la creazione del nuovo mercato sanitario tra nord e sud<\/strong>;<\/li><li>il silenzio istituzionale <strong>di fronte alla richiesta di confronto con le rappresentanze sindacali dei professionisti su cui si regge il SSN.<\/strong><\/li><\/ul>\n\n\n\n<p><strong><u>CHIEDIAMO INOLTRE AL GOVERNO E ALLE REGIONI<\/u>:<\/strong><\/p>\n\n\n\n<ul><li><strong>l\u2019immediata apertura del tavolo per il rinnovo di un CCNL<\/strong> sequestrato nelle stanze ministeriali; &nbsp;<\/li><li><strong>l\u2019allineamento della spesa sanitaria pubblica<\/strong> alla media dei paesi europei;<\/li><li>la <strong>depenalizzazione atto medico<\/strong>, riconsiderandolo autonomo scientifico e libero da ideologie;<\/li><\/ul>\n\n\n\n<p>l professionisti che tengono in vita la sanit\u00e0 pubblica devono essere ai primi posti dell\u2019agenda di tutte le forze politiche e meritano rispetto, per il servizio che hanno reso negli anni alla comunit\u00e0, con un lavoro duro, troppo spesso disagiato e mal retribuito, e per l\u2019abnegazione al servizio sanitario assicurata durante la pandemia.<\/p>\n\n\n\n<p><strong>Per garantire il diritto alla salute ad ogni cittadino,<\/strong> che deve essere tutelato e curato senza distinzioni di sesso, et\u00e0, condizione sociale o geografica.<\/p>\n\n\n\n<p>Solo un Paese in salute pu\u00f2 garantire sviluppo economico e sociale ai suoi cittadini.<\/p>\n\n\n\n<p>I 130.000 professionisti che rappresentiamo sono pronti a fare la loro parte facendo ricorso a tutti gli strumenti disponibili.<\/p>\n\n\n\n<p>Con la manifestazione di oggi e con quelle che organizzeremo domani ci rivolgiamo ai cittadini affinch\u00e8 siano consapevoli della deriva in cui sta precipitando la sanit\u00e0 pubblica: dopo averci consegnato medaglie di cartone, ora ci legano le mani e senza risorse potremo proteggere e assistere i nostri pazienti solo in parte e solo grazie a grandi sacrifici che pesano sulle nostre vite e su quelle delle nostre famiglie.<\/p>\n\n\n\n<p>Fermiamoci oggi per non fermare per sempre le cure.<\/p>\n","protected":false},"excerpt":{"rendered":"<p>Le organizzazioni sindacali dei medici, veterinari e dirigenti sanitari manifestano a Roma gioved\u00ec 15 dicembre 2022 in piazza SS Apostoli dalle ore 14.00.<\/p>\n","protected":false},"author":35358,"featured_media":30157,"comment_status":"closed","ping_status":"closed","sticky":false,"template":"","format":"standard","meta":{"_links_to":"","_links_to_target":""},"categories":[644,68,51],"tags":[99,853],"_links":{"self":[{"href":"https:\/\/www.aaroiemac.it\/notizie\/index.php?rest_route=\/wp\/v2\/posts\/30154"}],"collection":[{"href":"https:\/\/www.aaroiemac.it\/notizie\/index.php?rest_route=\/wp\/v2\/posts"}],"about":[{"href":"https:\/\/www.aaroiemac.it\/notizie\/index.php?rest_route=\/wp\/v2\/types\/post"}],"author":[{"embeddable":true,"href":"https:\/\/www.aaroiemac.it\/notizie\/index.php?rest_route=\/wp\/v2\/users\/35358"}],"replies":[{"embeddable":true,"href":"https:\/\/www.aaroiemac.it\/notizie\/index.php?rest_route=%2Fwp%2Fv2%2Fcomments&post=30154"}],"version-history":[{"count":4,"href":"https:\/\/www.aaroiemac.it\/notizie\/index.php?rest_route=\/wp\/v2\/posts\/30154\/revisions"}],"predecessor-version":[{"id":30321,"href":"https:\/\/www.aaroiemac.it\/notizie\/index.php?rest_route=\/wp\/v2\/posts\/30154\/revisions\/30321"}],"wp:featuredmedia":[{"embeddable":true,"href":"https:\/\/www.aaroiemac.it\/notizie\/index.php?rest_route=\/wp\/v2\/media\/30157"}],"wp:attachment":[{"href":"https:\/\/www.aaroiemac.it\/notizie\/index.php?rest_route=%2Fwp%2Fv2%2Fmedia&parent=30154"}],"wp:term":[{"taxonomy":"category","embeddable":true,"href":"https:\/\/www.aaroiemac.it\/notizie\/index.php?rest_route=%2Fwp%2Fv2%2Fcategories&post=30154"},{"taxonomy":"post_tag","embeddable":true,"href":"https:\/\/www.aaroiemac.it\/notizie\/index.php?rest_route=%2Fwp%2Fv2%2Ftags&post=30154"}],"curies":[{"name":"wp","href":"https:\/\/api.w.org\/{rel}","templated":true}]}}