{"id":30326,"date":"2022-12-09T11:50:09","date_gmt":"2022-12-09T10:50:09","guid":{"rendered":"https:\/\/www.aaroiemac.it\/notizie\/?p=30326"},"modified":"2022-12-09T11:54:52","modified_gmt":"2022-12-09T10:54:52","slug":"il-futuro-il-lavoro-il-118-e-il-pronto-soccorso-come-non-perdersi","status":"publish","type":"post","link":"https:\/\/www.aaroiemac.it\/notizie\/?p=30326","title":{"rendered":"Il futuro, il lavoro, il 118 e il Pronto Soccorso: come non perdersi?"},"content":{"rendered":"\n<p>Il video del webinar sul futuro, il lavoro e la qualit\u00e0 del servizio nel 118 e nel Pronto Soccorso che si \u00e8 svolto mercoled\u00ec 7 dicembre e al quale ha partecipato il Presidente Nazionale AAROI-EMAC, Alessandro Vergallo.<\/p>\n\n\n\n<p>L&#8217;incontro \u00e8 stato organizzato da Rescuepress nell&#8217;ambito del <a rel=\"noreferrer noopener\" href=\"https:\/\/www.aaroiemac.it\/notizie\/?p=29859\" target=\"_blank\">Terzo Congresso Nazionale di Emergenza Urgenza<\/a>.<\/p>\n\n\n\n<p><a rel=\"noreferrer noopener\" href=\"https:\/\/www.facebook.com\/rescuepressmedia\/videos\/1378897069316573\" target=\"_blank\"><strong>Guarda il video <\/strong><\/a>&#8211; disponibile anche su <a href=\"https:\/\/academy.rescue.press\/courses\/il-futuro-il-lavoro-il-118-e-il-pronto-soccorso-come-non-perdersi\/\" target=\"_blank\" rel=\"noreferrer noopener\"><strong>Resc<\/strong>uePress<\/a><\/p>\n\n\n\n<p><\/p>\n\n\n","protected":false},"excerpt":{"rendered":"<p>Il video del webinar sul futuro, il lavoro e la qualit\u00e0 del servizio nel 118 e nel Pronto Soccorso che si \u00e8 svolto mercoled\u00ec 7 dicembre e al quale ha partecipato il Presidente Nazionale AAROI-EMAC, Alessandro Vergallo.<\/p>\n","protected":false},"author":35358,"featured_media":30332,"comment_status":"closed","ping_status":"closed","sticky":false,"template":"","format":"standard","meta":{"_links_to":"","_links_to_target":""},"categories":[644],"tags":[689,855],"_links":{"self":[{"href":"https:\/\/www.aaroiemac.it\/notizie\/index.php?rest_route=\/wp\/v2\/posts\/30326"}],"collection":[{"href":"https:\/\/www.aaroiemac.it\/notizie\/index.php?rest_route=\/wp\/v2\/posts"}],"about":[{"href":"https:\/\/www.aaroiemac.it\/notizie\/index.php?rest_route=\/wp\/v2\/types\/post"}],"author":[{"embeddable":true,"href":"https:\/\/www.aaroiemac.it\/notizie\/index.php?rest_route=\/wp\/v2\/users\/35358"}],"replies":[{"embeddable":true,"href":"https:\/\/www.aaroiemac.it\/notizie\/index.php?rest_route=%2Fwp%2Fv2%2Fcomments&post=30326"}],"version-history":[{"count":1,"href":"https:\/\/www.aaroiemac.it\/notizie\/index.php?rest_route=\/wp\/v2\/posts\/30326\/revisions"}],"predecessor-version":[{"id":30328,"href":"https:\/\/www.aaroiemac.it\/notizie\/index.php?rest_route=\/wp\/v2\/posts\/30326\/revisions\/30328"}],"wp:featuredmedia":[{"embeddable":true,"href":"https:\/\/www.aaroiemac.it\/notizie\/index.php?rest_route=\/wp\/v2\/media\/30332"}],"wp:attachment":[{"href":"https:\/\/www.aaroiemac.it\/notizie\/index.php?rest_route=%2Fwp%2Fv2%2Fmedia&parent=30326"}],"wp:term":[{"taxonomy":"category","embeddable":true,"href":"https:\/\/www.aaroiemac.it\/notizie\/index.php?rest_route=%2Fwp%2Fv2%2Fcategories&post=30326"},{"taxonomy":"post_tag","embeddable":true,"href":"https:\/\/www.aaroiemac.it\/notizie\/index.php?rest_route=%2Fwp%2Fv2%2Ftags&post=30326"}],"curies":[{"name":"wp","href":"https:\/\/api.w.org\/{rel}","templated":true}]}}