{"id":31211,"date":"2023-02-02T17:50:53","date_gmt":"2023-02-02T16:50:53","guid":{"rendered":"https:\/\/www.aaroiemac.it\/notizie\/?p=31211"},"modified":"2023-02-15T15:32:29","modified_gmt":"2023-02-15T14:32:29","slug":"ccnl-2019-2021-tra-le-principali-richieste-dei-sindacati-meno-lavoro-notturno-e-festivo-e-certezza-ed-esigibilita-a-livello-periferico%ef%bf%bc","status":"publish","type":"post","link":"https:\/\/www.aaroiemac.it\/notizie\/?p=31211","title":{"rendered":"CCNL 2019\/21. Le principali richieste dei sindacati"},"content":{"rendered":"\n<p>Questa mattina, presso la sede Aran, si sono aperte le trattative per il rinnovo del contratto di lavoro 2019-2021 di 120.000 dirigenti medici, veterinari e sanitari che, di certo, seguiranno lo svolgimento dei lavori con la massima attenzione. Un tavolo che, alla partenza, ha fatto registrare una condivisione di intenti significativa e di buon auspicio per una positiva chiusura in tempi ravvicinati.<\/p>\n\n\n\n<p>I dirigenti medici, veterinari e sanitari, che hanno dovuto affrontare una pandemia in condizioni difficili, meritano un contratto che tenga conto del contesto di lavoro profondamente cambiato. Il Servizio Sanitario Nazionale si trova dinanzi ad un bivio: se si intende salvarlo, \u00e8 necessario bloccare la fuga dei medici dagli ospedali e i sanitari dai servizi pubblici e rendere la sanit\u00e0 pubblica nuovamente attrattiva per i giovani, migliorando le condizioni di lavoro e la qualit\u00e0 della vita del personale. E l\u2019unico strumento oggi a disposizione per raggiungere questi obiettivi \u00e8 un contratto di lavoro capace di garantire ruolo, anche nella organizzazione del lavoro, carriera e condizioni lavorative coerenti con il valore sociale e civile dell\u2019attivit\u00e0 svolta.<\/p>\n\n\n\n<p>Il malcontento dei medici, dei veterinari e dei dirigenti sanitari \u00e8 diffuso in tutti gli ospedali e presidi territoriali del Paese, ed \u00e8 dovere delle organizzazioni sindacali rappresentarlo rispondendo alle aspettative della categoria.<\/p>\n\n\n\n<p>Per questo le organizzazioni sindacali ritengono essenziale:<\/p>\n\n\n\n<ul><li>garantire l\u2019esigibilit\u00e0 e la corretta applicazione del contratto in tutte le Aziende, affidando nei tempi previsti e con modalit\u00e0 trasparenti gli incarichi professionali anche ai neoassunti, nella prospettiva della progressione di carriera;<\/li><li>incrementare il personale anche per ridurre il numero individuale di guardie e pronte disponibilit\u00e0 notturne e festive e rispettare il diritto al riposo, sancito da leggi nazionali ed europee;<\/li><li>assicurare all\u2019attivit\u00e0 svolta in prestazione aggiuntiva tariffe non inferiori a quelle riconosciute alle cooperative ed ai gettonisti;<\/li><li>definire il ruolo dirigenziale dei medici e degli altri dirigenti sanitari in formazione specialistica, insieme con l\u2019introduzione di un riconoscimento per i loro \u201ctutor\u201d;<\/li><li>impedire alle Aziende l\u2019utilizzo improprio dei fondi contrattuali, garantendo anche il recupero dei residui annuali.<\/li><\/ul>\n\n\n\n<p>Un CCNL 2019\/2021 con tali obiettivi potr\u00e0 rappresentare un freno alla deriva di sgretolamento del SSN in atto, un primo passo indispensabile per ridare valore al lavoro&nbsp;nella&nbsp;sanit\u00e0 pubblica, insieme sia all\u2019utilizzo di tutte le risorse extracontrattuali gi\u00e0 stanziate dalle leggi vigenti, sia allo stanziamento di nuovi finanziamenti aggiuntivi a quelli gi\u00e0 definiti per il nuovo contratto, che le organizzazioni sindacali continueranno a chiedere alla politica.<\/p>\n\n\n\n<p>L\u2019alternativa sarebbe dichiarare una volta per tutte il fallimento del Servizio Sanitario Nazionale.<\/p>\n\n\n\n<hr class=\"wp-block-separator is-style-default\"\/>\n\n\n\n<p><em>Alcune immagini della riunione in ARAN, presenti all&#8217;incontro il Dr Alessandro Vergallo, Presidente Nazionale AAROI-EMAC, il Dr Domenico Minniti, Vice Presidente Area Sud e Coordinatore della Commissione AAROI-EMAC per la stipula e l&#8217;applicazione dei Contratti Collettivi Nazionali di Lavoro, il Dr Luigi Zurlo, Presidente AAROI-EMAC Lazio e componente della Commissione AAROI-EMAC per la stipula e l&#8217;applicazione dei Contratti Collettivi Nazionali di Lavoro.<\/em><\/p>\n\n\n\n<figure class=\"wp-block-gallery has-nested-images columns-default is-cropped\">\n<figure class=\"wp-block-image size-large td-caption-align-https:\/\/www.aaroiemac.it\/notizie\/wp-content\/uploads\/2023\/02\/230202_IncontroAran-1.jpeg\"><img loading=\"lazy\" width=\"512\" height=\"236\" data-id=\"31213\"  src=\"https:\/\/www.aaroiemac.it\/notizie\/wp-content\/uploads\/2023\/02\/230202_IncontroAran-1-512x236.jpeg\" alt=\"\" class=\"wp-image-31213\" srcset=\"https:\/\/www.aaroiemac.it\/notizie\/wp-content\/uploads\/2023\/02\/230202_IncontroAran-1-512x236.jpeg 512w, https:\/\/www.aaroiemac.it\/notizie\/wp-content\/uploads\/2023\/02\/230202_IncontroAran-1-300x138.jpeg 300w, https:\/\/www.aaroiemac.it\/notizie\/wp-content\/uploads\/2023\/02\/230202_IncontroAran-1-768x354.jpeg 768w, https:\/\/www.aaroiemac.it\/notizie\/wp-content\/uploads\/2023\/02\/230202_IncontroAran-1-1536x708.jpeg 1536w, https:\/\/www.aaroiemac.it\/notizie\/wp-content\/uploads\/2023\/02\/230202_IncontroAran-1-1170x536.jpeg 1170w, https:\/\/www.aaroiemac.it\/notizie\/wp-content\/uploads\/2023\/02\/230202_IncontroAran-1-696x321.jpeg 696w, https:\/\/www.aaroiemac.it\/notizie\/wp-content\/uploads\/2023\/02\/230202_IncontroAran-1-1068x493.jpeg 1068w, https:\/\/www.aaroiemac.it\/notizie\/wp-content\/uploads\/2023\/02\/230202_IncontroAran-1-911x420.jpeg 911w, https:\/\/www.aaroiemac.it\/notizie\/wp-content\/uploads\/2023\/02\/230202_IncontroAran-1-1320x609.jpeg 1320w, https:\/\/www.aaroiemac.it\/notizie\/wp-content\/uploads\/2023\/02\/230202_IncontroAran-1.jpeg 1600w\" sizes=\"(max-width: 512px) 100vw, 512px\" \/><\/figure>\n\n\n\n<figure class=\"wp-block-image size-large td-caption-align-https:\/\/www.aaroiemac.it\/notizie\/wp-content\/uploads\/2023\/02\/230202_IncontroAran1.jpeg\"><img loading=\"lazy\" width=\"512\" height=\"384\" data-id=\"31216\"  src=\"https:\/\/www.aaroiemac.it\/notizie\/wp-content\/uploads\/2023\/02\/230202_IncontroAran1-512x384.jpeg\" alt=\"\" class=\"wp-image-31216\" srcset=\"https:\/\/www.aaroiemac.it\/notizie\/wp-content\/uploads\/2023\/02\/230202_IncontroAran1-512x384.jpeg 512w, https:\/\/www.aaroiemac.it\/notizie\/wp-content\/uploads\/2023\/02\/230202_IncontroAran1-300x225.jpeg 300w, https:\/\/www.aaroiemac.it\/notizie\/wp-content\/uploads\/2023\/02\/230202_IncontroAran1-768x576.jpeg 768w, https:\/\/www.aaroiemac.it\/notizie\/wp-content\/uploads\/2023\/02\/230202_IncontroAran1-1536x1152.jpeg 1536w, https:\/\/www.aaroiemac.it\/notizie\/wp-content\/uploads\/2023\/02\/230202_IncontroAran1-696x522.jpeg 696w, https:\/\/www.aaroiemac.it\/notizie\/wp-content\/uploads\/2023\/02\/230202_IncontroAran1-1068x801.jpeg 1068w, https:\/\/www.aaroiemac.it\/notizie\/wp-content\/uploads\/2023\/02\/230202_IncontroAran1-560x420.jpeg 560w, https:\/\/www.aaroiemac.it\/notizie\/wp-content\/uploads\/2023\/02\/230202_IncontroAran1-80x60.jpeg 80w, https:\/\/www.aaroiemac.it\/notizie\/wp-content\/uploads\/2023\/02\/230202_IncontroAran1-265x198.jpeg 265w, https:\/\/www.aaroiemac.it\/notizie\/wp-content\/uploads\/2023\/02\/230202_IncontroAran1-1320x990.jpeg 1320w, https:\/\/www.aaroiemac.it\/notizie\/wp-content\/uploads\/2023\/02\/230202_IncontroAran1.jpeg 1600w\" sizes=\"(max-width: 512px) 100vw, 512px\" \/><\/figure>\n\n\n\n<figure class=\"wp-block-image size-large td-caption-align-https:\/\/www.aaroiemac.it\/notizie\/wp-content\/uploads\/2023\/02\/230202_IncontroAran2.jpeg\"><img loading=\"lazy\" width=\"512\" height=\"384\" data-id=\"31215\"  src=\"https:\/\/www.aaroiemac.it\/notizie\/wp-content\/uploads\/2023\/02\/230202_IncontroAran2-512x384.jpeg\" alt=\"\" class=\"wp-image-31215\" srcset=\"https:\/\/www.aaroiemac.it\/notizie\/wp-content\/uploads\/2023\/02\/230202_IncontroAran2-512x384.jpeg 512w, https:\/\/www.aaroiemac.it\/notizie\/wp-content\/uploads\/2023\/02\/230202_IncontroAran2-300x225.jpeg 300w, https:\/\/www.aaroiemac.it\/notizie\/wp-content\/uploads\/2023\/02\/230202_IncontroAran2-768x576.jpeg 768w, https:\/\/www.aaroiemac.it\/notizie\/wp-content\/uploads\/2023\/02\/230202_IncontroAran2-1536x1153.jpeg 1536w, https:\/\/www.aaroiemac.it\/notizie\/wp-content\/uploads\/2023\/02\/230202_IncontroAran2-696x522.jpeg 696w, https:\/\/www.aaroiemac.it\/notizie\/wp-content\/uploads\/2023\/02\/230202_IncontroAran2-1068x802.jpeg 1068w, https:\/\/www.aaroiemac.it\/notizie\/wp-content\/uploads\/2023\/02\/230202_IncontroAran2-560x420.jpeg 560w, https:\/\/www.aaroiemac.it\/notizie\/wp-content\/uploads\/2023\/02\/230202_IncontroAran2-80x60.jpeg 80w, https:\/\/www.aaroiemac.it\/notizie\/wp-content\/uploads\/2023\/02\/230202_IncontroAran2-265x198.jpeg 265w, https:\/\/www.aaroiemac.it\/notizie\/wp-content\/uploads\/2023\/02\/230202_IncontroAran2-1320x991.jpeg 1320w, https:\/\/www.aaroiemac.it\/notizie\/wp-content\/uploads\/2023\/02\/230202_IncontroAran2.jpeg 1599w\" sizes=\"(max-width: 512px) 100vw, 512px\" \/><\/figure>\n\n\n\n<figure class=\"wp-block-image size-large td-caption-align-https:\/\/www.aaroiemac.it\/notizie\/wp-content\/uploads\/2023\/02\/230202_IncontroAran5.jpeg\"><img loading=\"lazy\" width=\"512\" height=\"236\" data-id=\"31214\"  src=\"https:\/\/www.aaroiemac.it\/notizie\/wp-content\/uploads\/2023\/02\/230202_IncontroAran5-512x236.jpeg\" alt=\"\" class=\"wp-image-31214\" srcset=\"https:\/\/www.aaroiemac.it\/notizie\/wp-content\/uploads\/2023\/02\/230202_IncontroAran5-512x236.jpeg 512w, https:\/\/www.aaroiemac.it\/notizie\/wp-content\/uploads\/2023\/02\/230202_IncontroAran5-300x138.jpeg 300w, https:\/\/www.aaroiemac.it\/notizie\/wp-content\/uploads\/2023\/02\/230202_IncontroAran5-768x354.jpeg 768w, https:\/\/www.aaroiemac.it\/notizie\/wp-content\/uploads\/2023\/02\/230202_IncontroAran5-1536x708.jpeg 1536w, https:\/\/www.aaroiemac.it\/notizie\/wp-content\/uploads\/2023\/02\/230202_IncontroAran5-1170x536.jpeg 1170w, https:\/\/www.aaroiemac.it\/notizie\/wp-content\/uploads\/2023\/02\/230202_IncontroAran5-696x321.jpeg 696w, https:\/\/www.aaroiemac.it\/notizie\/wp-content\/uploads\/2023\/02\/230202_IncontroAran5-1068x493.jpeg 1068w, https:\/\/www.aaroiemac.it\/notizie\/wp-content\/uploads\/2023\/02\/230202_IncontroAran5-911x420.jpeg 911w, https:\/\/www.aaroiemac.it\/notizie\/wp-content\/uploads\/2023\/02\/230202_IncontroAran5-1320x609.jpeg 1320w, https:\/\/www.aaroiemac.it\/notizie\/wp-content\/uploads\/2023\/02\/230202_IncontroAran5.jpeg 1600w\" sizes=\"(max-width: 512px) 100vw, 512px\" \/><\/figure>\n<\/figure>\n","protected":false},"excerpt":{"rendered":"<p>Si sono aperte le trattative per il rinnovo del contratto di lavoro 2019-2021 di 120.000 dirigenti medici, veterinari e sanitari che, di certo, seguiranno lo svolgimento dei lavori con la massima attenzione. Un tavolo che, alla partenza, ha fatto registrare una condivisione di intenti significativa e di buon auspicio per una positiva chiusura in tempi ravvicinati.<\/p>\n","protected":false},"author":35358,"featured_media":31226,"comment_status":"closed","ping_status":"closed","sticky":false,"template":"","format":"standard","meta":{"_links_to":"","_links_to_target":""},"categories":[1,644,68,73,51],"tags":[351,867,99],"_links":{"self":[{"href":"https:\/\/www.aaroiemac.it\/notizie\/index.php?rest_route=\/wp\/v2\/posts\/31211"}],"collection":[{"href":"https:\/\/www.aaroiemac.it\/notizie\/index.php?rest_route=\/wp\/v2\/posts"}],"about":[{"href":"https:\/\/www.aaroiemac.it\/notizie\/index.php?rest_route=\/wp\/v2\/types\/post"}],"author":[{"embeddable":true,"href":"https:\/\/www.aaroiemac.it\/notizie\/index.php?rest_route=\/wp\/v2\/users\/35358"}],"replies":[{"embeddable":true,"href":"https:\/\/www.aaroiemac.it\/notizie\/index.php?rest_route=%2Fwp%2Fv2%2Fcomments&post=31211"}],"version-history":[{"count":4,"href":"https:\/\/www.aaroiemac.it\/notizie\/index.php?rest_route=\/wp\/v2\/posts\/31211\/revisions"}],"predecessor-version":[{"id":31400,"href":"https:\/\/www.aaroiemac.it\/notizie\/index.php?rest_route=\/wp\/v2\/posts\/31211\/revisions\/31400"}],"wp:featuredmedia":[{"embeddable":true,"href":"https:\/\/www.aaroiemac.it\/notizie\/index.php?rest_route=\/wp\/v2\/media\/31226"}],"wp:attachment":[{"href":"https:\/\/www.aaroiemac.it\/notizie\/index.php?rest_route=%2Fwp%2Fv2%2Fmedia&parent=31211"}],"wp:term":[{"taxonomy":"category","embeddable":true,"href":"https:\/\/www.aaroiemac.it\/notizie\/index.php?rest_route=%2Fwp%2Fv2%2Fcategories&post=31211"},{"taxonomy":"post_tag","embeddable":true,"href":"https:\/\/www.aaroiemac.it\/notizie\/index.php?rest_route=%2Fwp%2Fv2%2Ftags&post=31211"}],"curies":[{"name":"wp","href":"https:\/\/api.w.org\/{rel}","templated":true}]}}