{"id":31255,"date":"2023-02-06T11:12:44","date_gmt":"2023-02-06T10:12:44","guid":{"rendered":"https:\/\/www.aaroiemac.it\/notizie\/?p=31255"},"modified":"2023-02-27T16:05:52","modified_gmt":"2023-02-27T15:05:52","slug":"in-pensione-a-72-anni-errare-e-umano-perseverare-e-diabolico","status":"publish","type":"post","link":"https:\/\/www.aaroiemac.it\/notizie\/?p=31255","title":{"rendered":"In pensione a 72 anni: errare \u00e8 umano, perseverare \u00e8 diabolico"},"content":{"rendered":"\n<p>\u201c<em>La norma sul pensionamento dei medici e dirigenti sanitari a 72 anni uscita dalla porta \u00e8 rientrata dalla finestra, ma ci impegneremo con ogni mezzo possibile per evitare alla categoria questo ulteriore schiaffo<\/em>\u201d.<\/p>\n\n\n\n<p>Dura la reazione dell\u2019Intersindacale della dirigenza medica, sanitaria e veterinaria ANAAO ASSOMED \u2013 AAROI-EMAC \u2013 FASSID (AIPAC-AUPI-SIMET-SINAFO-SNR) \u2013 FP CGIL MEDICI E DIRIGENTI SSN \u2013&nbsp; FVM Federazione Veterinari e Medici \u2013 CISL MEDICI a quelli che definiscono \u201c<em>segnali precisi a lobbies e potentati<\/em>\u201d contenuti nel nuovo emendamento della Lega segnalato al Senato che mira a rendere possibile fino al 31 dicembre 2026 il mantenimento in servizio fino a 72 anni dei dirigenti medici, del personale medico convenzionato, delle professioni sanitarie e dei docenti universitari di medicina e chirurgia\u201d.<\/p>\n\n\n\n<p>\u201c<em>L\u2019ossessione di riproporre una norma inaccettabile<\/em> \u2013 denuncia l\u2019Intersindacale &#8211; <em>la dice lunga anche sull\u2019incapacit\u00e0 a trovare soluzioni strutturali alle criticit\u00e0 del nostro Sistema sanitario, che vive ormai nella totale assenza di programmazione<\/em>\u201d.<\/p>\n\n\n\n<p>\u201c<em>Non ci accontenteremo certo del prolungamento al 2026 delle assunzioni con il Decreto Calabria, elemento positivo dell\u2019emendamento, ma che rappresenta un contentino rispetto alla volont\u00e0 ormai evidente di voler proteggere e foraggiare lobbies e classi di potere<\/em>\u201d.<\/p>\n\n\n\n<p>\u201c<em>In questo modo si aprir\u00e0 una frattura difficilmente sanabile tra parti sociali e Governo che porter\u00e0 a uno stato di agitazione della categoria in mancanza di risposte esaustive alle criticit\u00e0 strutturali della sanit\u00e0 pubblica<\/em>\u201d.<\/p>\n\n\n\n<p><\/p>\n","protected":false},"excerpt":{"rendered":"<p>La reazione dell\u2019Intersindacale  al nuovo emendamento della Lega che mira a rendere possibile fino al 31 dicembre 2026 il mantenimento in servizio fino a 72 anni dei dirigenti medici, del personale medico convenzionato, delle professioni sanitarie e dei docenti universitari di medicina e chirurgia.<\/p>\n","protected":false},"author":35358,"featured_media":31256,"comment_status":"closed","ping_status":"closed","sticky":false,"template":"","format":"standard","meta":{"_links_to":"","_links_to_target":""},"categories":[644,68,51],"tags":[103,99],"_links":{"self":[{"href":"https:\/\/www.aaroiemac.it\/notizie\/index.php?rest_route=\/wp\/v2\/posts\/31255"}],"collection":[{"href":"https:\/\/www.aaroiemac.it\/notizie\/index.php?rest_route=\/wp\/v2\/posts"}],"about":[{"href":"https:\/\/www.aaroiemac.it\/notizie\/index.php?rest_route=\/wp\/v2\/types\/post"}],"author":[{"embeddable":true,"href":"https:\/\/www.aaroiemac.it\/notizie\/index.php?rest_route=\/wp\/v2\/users\/35358"}],"replies":[{"embeddable":true,"href":"https:\/\/www.aaroiemac.it\/notizie\/index.php?rest_route=%2Fwp%2Fv2%2Fcomments&post=31255"}],"version-history":[{"count":3,"href":"https:\/\/www.aaroiemac.it\/notizie\/index.php?rest_route=\/wp\/v2\/posts\/31255\/revisions"}],"predecessor-version":[{"id":31596,"href":"https:\/\/www.aaroiemac.it\/notizie\/index.php?rest_route=\/wp\/v2\/posts\/31255\/revisions\/31596"}],"wp:featuredmedia":[{"embeddable":true,"href":"https:\/\/www.aaroiemac.it\/notizie\/index.php?rest_route=\/wp\/v2\/media\/31256"}],"wp:attachment":[{"href":"https:\/\/www.aaroiemac.it\/notizie\/index.php?rest_route=%2Fwp%2Fv2%2Fmedia&parent=31255"}],"wp:term":[{"taxonomy":"category","embeddable":true,"href":"https:\/\/www.aaroiemac.it\/notizie\/index.php?rest_route=%2Fwp%2Fv2%2Fcategories&post=31255"},{"taxonomy":"post_tag","embeddable":true,"href":"https:\/\/www.aaroiemac.it\/notizie\/index.php?rest_route=%2Fwp%2Fv2%2Ftags&post=31255"}],"curies":[{"name":"wp","href":"https:\/\/api.w.org\/{rel}","templated":true}]}}