{"id":32059,"date":"2023-04-13T10:40:51","date_gmt":"2023-04-13T08:40:51","guid":{"rendered":"https:\/\/www.aaroiemac.it\/notizie\/?p=32059"},"modified":"2023-04-26T10:14:02","modified_gmt":"2023-04-26T08:14:02","slug":"decreto-bollette-aaroi-emac-in-audizione-davanti-alle-commissioni-riunite-finanze-e-affari-sociali","status":"publish","type":"post","link":"https:\/\/www.aaroiemac.it\/notizie\/?p=32059","title":{"rendered":"Decreto Bollette: AAROI-EMAC in Audizione davanti alle Commissioni riunite Finanze e Affari Sociali"},"content":{"rendered":"\n<p>L\u2019AAROI-EMAC ha partecipato ieri alla Audizione informale davanti alle Commissioni riunite VI (Finanze) e XII (Affari sociali) sul decreto-legge n. 34 del 2023: \u201cMisure urgenti a sostegno delle famiglie e delle imprese per l\u2019acquisto di energia elettrica e gas naturale, nonch\u00e9 in materia di salute e adempimenti fiscali\u201d.<br><br>Il Presidente Nazionale AAROI-EMAC, Alessandro Vergallo, ha espresso alcune osservazioni:<\/p>\n\n\n\n<ul><li>Al di l\u00e0 dell\u2019attuale esigenza di Medici a gettone nei Servizi particolarmente in crisi per carenza di personale, \u00e8 necessario rendere pi\u00f9 attrattivo il lavoro nei settori che pi\u00f9 risentono di tale carenza. Concetto che si iscrive anche nell\u2019alveo temporale del rinnovo contrattuale che in qualche modo deve valorizzare le professionalit\u00e0 sanitarie in relazione anche al settore specifico e che non pu\u00f2 essere uguale per tutti;<\/li><li>E\u2019 importante includere nelle diverse previsioni per il personale che lavora nei servizi di emergenza-urgenza, i servizi che strutturalmente negli ospedali fanno parte dei DEA, quindi anche il settore ARTID ossia Anestesia e Rianimazione;<\/li><li>L\u2019indennit\u00e0 per i Medici di Pronto Soccorso salvaguarda il servizio di PS, ma molto meno va a salvaguardare un percorso di specializzazione che \u00e8 la MEU, considerando che soltanto il 50% dell\u2019attivit\u00e0 nei Pronto Soccorso \u00e8 svolta da personale medico che lavora esclusivamente nelle unit\u00e0 operative di PS;<\/li><li>Opportuna una riflessione a prevedere una sorta di franchigia di tempo all\u2019interno del vincolo orario contrattuale del personale medico e sanitario affinch\u00e9 anche gli esclusivisti &#8211; coloro i quali sono in regime di intramoenia &#8211; possano all\u2019interno di un arco orario molto limitato svolgere attivit\u00e0 libero professionale mantenendo il vincolo di esclusivit\u00e0.<\/li><li>Apprezzamento per l\u2019articolo relativo all\u2019assunzione dei Medici in Formazione che rende strutturale un complesso di misure che sarebbero dovute partire da molto tempo;<\/li><li>Esistono criticit\u00e0 al riconoscimento per i medici esteri che spesso non hanno nemmeno la caratteristica di reciprocit\u00e0 con i Colleghi del nostro Paese;<\/li><li>Apprezzamento per quanto disposto per contrastare gli episodi di violenza nei confronti del personale sanitario;<\/li><li>Delusione per non aver accolto la richiesta di defiscalizzazione almeno del trattamento economico accessorio che avrebbe potuto rappresentare un elemento di attrattivit\u00e0 per chi lavora alle dipendenze del pubblico impiego.<\/li><\/ul>\n\n\n\n<p>\u201c<em>Volevo focalizzare un aspetto che riguarda l\u2019emergenza urgenza <\/em>\u2013 ha ribadito il Presidente Nazionale in conclusione \u2013. <em>Non abbiamo assistito con questo decreto ad una chiara identificazione di ci\u00f2 che \u00e8 l\u2019emergenza urgenza. Ora se negli ospedali sono istituiti i DEA, Dipartimenti di Emergenza Urgenza, a nostro avviso al di l\u00e0 di questo decreto come assetti complessivi, vanno individuati i settori DEA perch\u00e9 altrimenti diventa un discorso settoriale, di valorizzazione &#8211; che apprezziamo molto &#8211; nei confronti delle unit\u00e0 operative di Pronto Soccorso, e tuttavia questo non deve farci trascurare di pensare che il Pronto Soccorso si avvale a sua volta di tutta una serie di servizi ospedalieri che in vario grado di complessit\u00e0 e di collaborazione con quella unit\u00e0 operativa lavorano per le cure nei casi pi\u00f9 critici, tra essi sicuramente le unit\u00e0 operative di anestesia e rianimazione sono assolutamente in prima linea<\/em>\u201d<br><br><strong>Il video dell&#8217;Audizione:<\/strong><\/p>\n\n\n\n<figure class=\"wp-block-video\"><video controls src=\"https:\/\/www.aaroiemac.it\/notizie\/wp-content\/uploads\/2023\/04\/Audizione_12Aprile2023.mov\"><\/video><\/figure>\n","protected":false},"excerpt":{"rendered":"<p>L\u2019AAROI-EMAC ha partecipato ieri alla Audizione informale davanti alle Commissioni riunite VI (Finanze) e XII (Affari sociali) sul decreto-legge n. 34 del 2023: \u201cMisure urgenti a sostegno delle famiglie e delle imprese per l\u2019acquisto di energia elettrica e gas naturale, nonch\u00e9 in materia di salute e adempimenti fiscali\u201d.<\/p>\n","protected":false},"author":35358,"featured_media":32063,"comment_status":"closed","ping_status":"closed","sticky":false,"template":"","format":"standard","meta":{"_links_to":"","_links_to_target":""},"categories":[644,643],"tags":[],"_links":{"self":[{"href":"https:\/\/www.aaroiemac.it\/notizie\/index.php?rest_route=\/wp\/v2\/posts\/32059"}],"collection":[{"href":"https:\/\/www.aaroiemac.it\/notizie\/index.php?rest_route=\/wp\/v2\/posts"}],"about":[{"href":"https:\/\/www.aaroiemac.it\/notizie\/index.php?rest_route=\/wp\/v2\/types\/post"}],"author":[{"embeddable":true,"href":"https:\/\/www.aaroiemac.it\/notizie\/index.php?rest_route=\/wp\/v2\/users\/35358"}],"replies":[{"embeddable":true,"href":"https:\/\/www.aaroiemac.it\/notizie\/index.php?rest_route=%2Fwp%2Fv2%2Fcomments&post=32059"}],"version-history":[{"count":1,"href":"https:\/\/www.aaroiemac.it\/notizie\/index.php?rest_route=\/wp\/v2\/posts\/32059\/revisions"}],"predecessor-version":[{"id":32064,"href":"https:\/\/www.aaroiemac.it\/notizie\/index.php?rest_route=\/wp\/v2\/posts\/32059\/revisions\/32064"}],"wp:featuredmedia":[{"embeddable":true,"href":"https:\/\/www.aaroiemac.it\/notizie\/index.php?rest_route=\/wp\/v2\/media\/32063"}],"wp:attachment":[{"href":"https:\/\/www.aaroiemac.it\/notizie\/index.php?rest_route=%2Fwp%2Fv2%2Fmedia&parent=32059"}],"wp:term":[{"taxonomy":"category","embeddable":true,"href":"https:\/\/www.aaroiemac.it\/notizie\/index.php?rest_route=%2Fwp%2Fv2%2Fcategories&post=32059"},{"taxonomy":"post_tag","embeddable":true,"href":"https:\/\/www.aaroiemac.it\/notizie\/index.php?rest_route=%2Fwp%2Fv2%2Ftags&post=32059"}],"curies":[{"name":"wp","href":"https:\/\/api.w.org\/{rel}","templated":true}]}}