{"id":34211,"date":"2023-11-03T18:27:58","date_gmt":"2023-11-03T17:27:58","guid":{"rendered":"https:\/\/www.aaroiemac.it\/notizie\/?p=34211"},"modified":"2023-11-13T17:30:25","modified_gmt":"2023-11-13T16:30:25","slug":"manovra-alle-regioni-non-restera-che-piangere-lintervento-del-presidente-nazionale-aaroi-emac-su-qs","status":"publish","type":"post","link":"https:\/\/www.aaroiemac.it\/notizie\/?p=34211","title":{"rendered":"Manovra. Alle Regioni non rester\u00e0 che piangere. L&#8217;intervento del Presidente Nazionale AAROI-EMAC su QS"},"content":{"rendered":"\n<p>L\u2019apertura manifestata da alcuni esponenti del Governo Meloni sulla possibilit\u00e0 di \u201climare\u201d il taglio delle pensioni previsto nell\u2019attuale testo della Legge di Bilancio non cambia di molto il nostro disappunto, ma ci stupisce che le Regioni, sulle quali a causa delle fughe di professionisti dei loro Ospedali ricadr\u00e0 gi\u00e0 dall\u2019immediato il peso economico delle disposizioni punitive nei confronti dei Medici dei loro SSRR, ancora non abbiano manifestato altrettanta contrariet\u00e0.<\/p>\n\n\n\n<p>Proprio alle Regioni, infatti, non resteranno nemmeno le lacrime per poter pagare ad un prezzo molto pi\u00f9 caro coloro i quali esse dovranno affrettarsi a reclutare con rapporti di tipo libero professionale per sostituirli, al fine di mantenere in qualche modo i servizi e le cure ai loro cittadini, fornendo ulteriore lucro alle Cooperative Private, che normalmente, solo per stilare le turnistiche dei Gettonisti che come \u201cliberi professionisti\u201d fasulli esse si limitano a gestire, trattengono almeno il 15% dei loro guadagno, probabilmente di fatto esentasse, date le ampie scappatoie che le deduzioni fiscali consentono al mondo imprenditoriale privato, soprattutto allorquando si traveste da onlus, e laddove si pasce di appalti pubblici.<\/p>\n\n\n\n<p>In mancanza di una retromarcia completa da questo tentativo di rapina, anche per il Governo saranno comunque lacrime amare, perch\u00e9 i medici che rappresentiamo, quelli il cui lavoro \u00e8 indispensabile a far funzionare le rianimazioni, le sale operatorie, i pronto soccorso, saranno chiamati non ad una sola, ma a pi\u00f9 giornate intere di proteste, che ad iniziare dalla prima data libera provocheranno a pi\u00f9 riprese la paralisi di quel poco che resta di servizio sanitario pubblico negli ospedali di tutt\u2019Italia, e a quel punto sar\u00e0 chiara la responsabilit\u00e0 politica di chi lo avr\u00e0 voluto davvero affossare per sempre.<\/p>\n\n\n\n<p>Allora s\u00ec che questi medici li si potr\u00e0 nuovamente chiamare \u201ceroi\u201d. Patrioti, meglio, perch\u00e9 la loro protesta evidenzier\u00e0 a tutta la popolazione il fatto che oggi il Governo Meloni tenta di far cassa saccheggiando il futuro pensionistico di un\u2019intera coorte generazionale di lavoratori pubblici, che per quanto concerne i Medici&#8230;<\/p>\n\n\n\n<p>continua a leggere al link:<br><strong><a href=\"https:\/\/www.quotidianosanita.it\/lavoro-e-professioni\/articolo.php?articolo_id=118043\">https:\/\/www.quotidianosanita.it\/lavoro-e-professioni\/articolo.php?articolo_id=118043<\/a><\/strong><\/p>\n","protected":false},"excerpt":{"rendered":"<p>L&#8217;articolo di Quotidiano Sanit\u00e0 a firma del Presidente Nazionale AAROI-EMAC sulla Manovra e sui possibili sviluppi della mobilitazione.<\/p>\n","protected":false},"author":35358,"featured_media":34212,"comment_status":"closed","ping_status":"closed","sticky":false,"template":"","format":"standard","meta":{"_links_to":"","_links_to_target":""},"categories":[644,28],"tags":[],"_links":{"self":[{"href":"https:\/\/www.aaroiemac.it\/notizie\/index.php?rest_route=\/wp\/v2\/posts\/34211"}],"collection":[{"href":"https:\/\/www.aaroiemac.it\/notizie\/index.php?rest_route=\/wp\/v2\/posts"}],"about":[{"href":"https:\/\/www.aaroiemac.it\/notizie\/index.php?rest_route=\/wp\/v2\/types\/post"}],"author":[{"embeddable":true,"href":"https:\/\/www.aaroiemac.it\/notizie\/index.php?rest_route=\/wp\/v2\/users\/35358"}],"replies":[{"embeddable":true,"href":"https:\/\/www.aaroiemac.it\/notizie\/index.php?rest_route=%2Fwp%2Fv2%2Fcomments&post=34211"}],"version-history":[{"count":1,"href":"https:\/\/www.aaroiemac.it\/notizie\/index.php?rest_route=\/wp\/v2\/posts\/34211\/revisions"}],"predecessor-version":[{"id":34213,"href":"https:\/\/www.aaroiemac.it\/notizie\/index.php?rest_route=\/wp\/v2\/posts\/34211\/revisions\/34213"}],"wp:featuredmedia":[{"embeddable":true,"href":"https:\/\/www.aaroiemac.it\/notizie\/index.php?rest_route=\/wp\/v2\/media\/34212"}],"wp:attachment":[{"href":"https:\/\/www.aaroiemac.it\/notizie\/index.php?rest_route=%2Fwp%2Fv2%2Fmedia&parent=34211"}],"wp:term":[{"taxonomy":"category","embeddable":true,"href":"https:\/\/www.aaroiemac.it\/notizie\/index.php?rest_route=%2Fwp%2Fv2%2Fcategories&post=34211"},{"taxonomy":"post_tag","embeddable":true,"href":"https:\/\/www.aaroiemac.it\/notizie\/index.php?rest_route=%2Fwp%2Fv2%2Ftags&post=34211"}],"curies":[{"name":"wp","href":"https:\/\/api.w.org\/{rel}","templated":true}]}}