{"id":34395,"date":"2023-12-01T10:39:27","date_gmt":"2023-12-01T09:39:27","guid":{"rendered":"https:\/\/www.aaroiemac.it\/notizie\/?p=34395"},"modified":"2023-12-08T02:36:31","modified_gmt":"2023-12-08T01:36:31","slug":"intersindacale-la-legge-di-bilancio-del-governo-meloni-affonda-la-sanita-pubblica%ef%bf%bc","status":"publish","type":"post","link":"https:\/\/www.aaroiemac.it\/notizie\/?p=34395","title":{"rendered":"Intersindacale &#8211; La LEGGE DI BILANCIO del Governo Meloni affonda la sanit\u00e0\u00a0pubblica"},"content":{"rendered":"\n<ul><li><strong>ASFISSIANDO IL SSN<\/strong><\/li><li><strong>PUNENDO IL PUBBLICO IMPIEGO<\/strong><\/li><li><strong>MANOMETTENDONE LA PREVIDENZA<\/strong><\/li><li><strong>MERCIFICANDO IL DIRITTO ALLA SALUTE<\/strong><\/li><\/ul>\n\n\n\n<p><strong>NOI NON CI STIAMO<\/strong><br><strong>NOI AMPLIEREMO E CONTINUEREMO LA NOSTRA MOBILITAZIONE<\/strong><br><strong>NOI SAREMO IRRIDUCIBILI<\/strong><\/p>\n\n\n\n<p>LA LEGGE DI BILANCIO che il Governo intende portare in approvazione \u2013 senza che il Parlamento, ormai ridotto ad organo decorativo, la possa emendare \u2013 mortifica tutto il lavoro dipendente nella pubblica amministrazione, e assester\u00e0 il colpo di grazia alla sanit\u00e0 pubblica e al diritto alla salute della popolazione.<\/p>\n\n\n\n<p>Le motivazioni che ci avevano portati a proclamare lo stato di agitazione del personale medico, veterinario e sanitario del Ssn, con scioperi e manifestazioni, sono ancora pi\u00f9 pesanti ora che con il maxi emendamento il Governo sembra voler rimediare al suo terrorismo previdenziale.<\/p>\n\n\n\n<p>L\u2019ipotesi del Governo di taglieggiare nell\u2019immediato le pensioni del pubblico impiego a 700 mila lavoratori e di imprigionare tutte quelle future in un\u2019attesa sempre pi\u00f9 lunga, oltre ad aver l\u2019aspetto di una intimidazione, rappresenta la modesta capacit\u00e0 di trovare soluzioni di finanza pubblica e la volont\u00e0 malcelata di tutelare interessi inconfessabili come l\u2019evasione fiscale.<\/p>\n\n\n\n<p>Ora sembra che il Governo voglia, graziosamente, concedere una qualche retromarcia sulle pensioni, cio\u00e8 restituire ci\u00f2 che sarebbe stato il maltolto, ma al solo scopo di far accettare tutti gli altri danni che la legge di bilancio provocher\u00e0.<\/p>\n\n\n\n<p>Infatti non c\u2019\u00e8 solo il tema del tentato furto sulle pensioni nella legge finanziaria.<\/p>\n\n\n\n<p>Ci sono aspetti meno visibili, quali il blocco della rivalutazione futura delle pensioni gi\u00e0 erogate. E anche qualora l\u2019emendamento del Governo rimediasse al suo tentato esproprio previdenziale, il Governo non si potr\u00e0 ritenere condonato.<\/p>\n\n\n\n<p>Intanto perch\u00e9, \u00e8 bene si sappia, il taglio delle pensioni non riguarda soltanto i sanitari e i dipendenti della PA pi\u00f9 \u201canziani\u201d, infatti le soluzioni che si stanno profilando riserveranno il peggio proprio ai pi\u00f9 giovani.<\/p>\n\n\n\n<p>Su un altro capitolo, quello del TFS (la liquidazione), nonostante la Corte Costituzionale abbia sollecitato il Governo a cambiare la legge, resta il sequestro per almeno due anni del salario accantonato dai lavoratori prima di poterlo incassare e ovviamente senza recupero dell\u2019inflazione.<\/p>\n\n\n\n<p>Affrontare e risolvere i problemi della sanit\u00e0 pubblica, del suo personale e dei cittadini che non hanno una assicurazione o i soldi per la sanit\u00e0 privata sono per\u00f2 il nostro impegno pi\u00f9 strategico.<\/p>\n\n\n\n<p>La motivazione delle nostre molteplici ed articolate azioni di protesta guardano soprattutto alla tutela di una popolazione sempre pi\u00f9 anziana, povera e bisognosa di assistenza.<\/p>\n\n\n\n<p>Difendere il Servizio sanitario nazionale ha un valore morale oltre che politico, per evitare che un patrimonio fondamentale della nostra societ\u00e0 e del nostro welfare possa essere abbandonato a una politica incapace e piegata a interessi di mercato.<\/p>\n\n\n\n<p>Nonostante le ipotesi progressive del Ministro della salute Schillaci, per volont\u00e0 del MEF resta infatti esiziale il sottofinanziamento per il SSN pubblico e universalistico.<\/p>\n\n\n\n<p>Allo stesso tempo non ci sono adeguate risorse per lo sblocco del tetto di spesa per le assunzioni del personale dipendente necessario all\u2019esaurimento delle liste d\u2019attesa, n\u00e9 per i contratti di lavoro degli stessi professionisti cui le Regioni chiedono sempre maggiore competenza, aggiornamento, appropriatezza, responsabilit\u00e0 e dedizione.<\/p>\n\n\n\n<p>Nella legge di bilancio non c\u2019\u00e8 un barlume di strategia sulla formazione del personale sanitario occorrente e sulla sua fidelizzazione, sulla stabilizzazione dei precari, sul riconoscimento extracontrattuale della specificit\u00e0 medico-veterinaria e sanitaria.<\/p>\n\n\n\n<p>Insomma: gli eroi non valgono un euro.<\/p>\n\n\n\n<p>Il Governo non riesce nemmeno a sottoscrivere e a rendere esecutivo il contratto collettivo di medici, veterinari e sanitari la cui preintesa sottoscritta tra Aran e Sindacati risale alla fine di settembre, giusto per erogare stipendi e arretrati che i lavoratori si sono gi\u00e0 guadagnati nel triennio 2019-2021, quello dell\u2019ormai dimenticato COVID.<\/p>\n\n\n\n<p>Per non parlare del prossimo contratto nazionale 2022-2024 di cui il Ministro Zangrillo ha vantato l\u2019anticipo (forse) al 2024, ma per il quale non ci sono adeguati finanziamenti sia rispetto all\u2019inflazione ed ancor peggio rispetto al valore che il mercato (cos\u00ec amato, ma a corrente alternata) riconosce alle professioni sanitarie.<\/p>\n\n\n\n<p>Anche il \u201cdecreto anticipi\u201d, ardita mossa preelettorale con la quale il Governo intende anticipare nella busta paga di dicembre soldi del contratto 2022-2024, sembra creare non poco imbarazzo tra le amministrazioni che dovranno erogarlo senza copertura ed anche tra il personale che ne beneficer\u00e0 solo parzialmente ma che non \u00e8 cos\u00ec ottuso da non sapere che sono soldi del contratto, cio\u00e8 soldi nostri dati come mancia prima delle europee.<\/p>\n\n\n\n<p>Per tutti questi motivi la mobilitazione dell\u2019Intersindacale dei medici, dei veterinari e dei sanitari \u00e8 un atto dovuto, un impegno progressivo, un atto di costante vigilanza democratica che, dopo <strong>lo sciopero del 17 Novembre di Cgil e Uil e la manifestazione del 25 Novembre di Cisl, continua con lo sciopero di 24 ore programmato il 18 dicembre da AAROI-EMAC, FASSID e FVM, e che non si fermer\u00e0 al 2023<\/strong>.<\/p>\n\n\n\n<p>Per colpa delle scelte di questo governo che, come i precedenti, dice di voler difendere il SSN, ma poi agisce in senso contrario a favore della sanit\u00e0 privata e delle assicurazioni sanitarie per chi potr\u00e0 pagarsele, le nostre proteste proseguiranno il loro corso come consentito dalle norme di legge vigenti per i servizi essenziali che rappresentiamo, nel solco comune della nostra mobilitazione, che riprender\u00e0 con ancor maggior vigore a gennaio, qualora la Manovra attesa per fine dicembre fosse approvata senza adeguati correttivi.<\/p>\n\n\n\n<p>L\u2019Intersindacale dei medici, dei veterinari e dei sanitari sente il dovere di chiamare tutte le energie a difesa del SSN, del valore professionale ed economico del lavoro di 135.000 dirigenti che pagano regolarmente le tasse, assicurano ogni giorno e per 24 ore tutta la loro competenza per assistere chi ha bisogno di prevenzione, diagnosi, cura e riabilitazione.<\/p>\n\n\n\n<p>Il diritto alla tutela della salute \u00e8 un diritto fondamentale e sulle inefficienze della sanit\u00e0 si sta aprendo un conflitto sociale sempre pi\u00f9 profondo cui il Governo deve rispondere.&nbsp;<\/p>\n\n\n\n<p>Il Governo dia un segnale di coerenza con le sue promesse elettorali.<\/p>\n\n\n\n<p>Non \u00e8 vero che non ci sono le risorse sufficienti per la sanit\u00e0 pubblica in un paese come l\u2019Italia, che ha oltre 100 miliardi di evasione fiscale l\u2019anno, mentre i contribuenti con redditi superiori a 35mila euro annui lordi sono solo il 14% del totale, sono in prevalenza lavoratori dipendenti e pensionati, e versano i 2\/3 delle imposte dei redditi sulle persone fisiche.<\/p>\n\n\n\n<p>In pratica in Italia 8 persone su 10 si curano grazie alle tasse pagate dalle altre due.<\/p>\n\n\n\n<p><strong>AAROI-EMAC<\/strong> &#8211; <strong>FASSID <\/strong>(AIPAC-AUPI-SIMET-SINAFO- SNR) &#8211; <strong>FP CGIL <\/strong>MEDICI E DIRIGENTI SSN &#8211; <strong>FVM <\/strong>FEDERAZIONE VETERINARI E MEDICI &#8211; <strong>UIL FPL <\/strong>MEDICI E VETERINARI &#8211; <strong>CISL MEDICI<\/strong><\/p>\n","protected":false},"excerpt":{"rendered":"<p>LA LEGGE DI BILANCIO che il Governo intende portare in approvazione \u2013 senza che il Parlamento, ormai ridotto ad organo decorativo, la possa emendare \u2013 mortifica tutto il lavoro dipendente nella pubblica amministrazione, e assester\u00e0 il colpo di grazia alla sanit\u00e0 pubblica e al diritto alla salute della popolazione.<\/p>\n","protected":false},"author":35358,"featured_media":34412,"comment_status":"closed","ping_status":"closed","sticky":false,"template":"","format":"standard","meta":{"_links_to":"","_links_to_target":""},"categories":[644,68,51],"tags":[],"_links":{"self":[{"href":"https:\/\/www.aaroiemac.it\/notizie\/index.php?rest_route=\/wp\/v2\/posts\/34395"}],"collection":[{"href":"https:\/\/www.aaroiemac.it\/notizie\/index.php?rest_route=\/wp\/v2\/posts"}],"about":[{"href":"https:\/\/www.aaroiemac.it\/notizie\/index.php?rest_route=\/wp\/v2\/types\/post"}],"author":[{"embeddable":true,"href":"https:\/\/www.aaroiemac.it\/notizie\/index.php?rest_route=\/wp\/v2\/users\/35358"}],"replies":[{"embeddable":true,"href":"https:\/\/www.aaroiemac.it\/notizie\/index.php?rest_route=%2Fwp%2Fv2%2Fcomments&post=34395"}],"version-history":[{"count":3,"href":"https:\/\/www.aaroiemac.it\/notizie\/index.php?rest_route=\/wp\/v2\/posts\/34395\/revisions"}],"predecessor-version":[{"id":34409,"href":"https:\/\/www.aaroiemac.it\/notizie\/index.php?rest_route=\/wp\/v2\/posts\/34395\/revisions\/34409"}],"wp:featuredmedia":[{"embeddable":true,"href":"https:\/\/www.aaroiemac.it\/notizie\/index.php?rest_route=\/wp\/v2\/media\/34412"}],"wp:attachment":[{"href":"https:\/\/www.aaroiemac.it\/notizie\/index.php?rest_route=%2Fwp%2Fv2%2Fmedia&parent=34395"}],"wp:term":[{"taxonomy":"category","embeddable":true,"href":"https:\/\/www.aaroiemac.it\/notizie\/index.php?rest_route=%2Fwp%2Fv2%2Fcategories&post=34395"},{"taxonomy":"post_tag","embeddable":true,"href":"https:\/\/www.aaroiemac.it\/notizie\/index.php?rest_route=%2Fwp%2Fv2%2Ftags&post=34395"}],"curies":[{"name":"wp","href":"https:\/\/api.w.org\/{rel}","templated":true}]}}