{"id":35020,"date":"2024-03-15T09:25:00","date_gmt":"2024-03-15T08:25:00","guid":{"rendered":"https:\/\/www.aaroiemac.it\/notizie\/?p=35020"},"modified":"2024-04-04T14:54:43","modified_gmt":"2024-04-04T12:54:43","slug":"ccnl-2019-2021-giornata-di-formazione-sindacale-aaroi-emac-save-the-date","status":"publish","type":"post","link":"https:\/\/www.aaroiemac.it\/notizie\/?p=35020","title":{"rendered":"CCNL 2019\/2021. Il 19 Aprile la Giornata di formazione sindacale AAROI-EMAC"},"content":{"rendered":"\n<p>Il 19 Aprile 2024 si terr\u00e0 la <strong>Giornata di Formazione Sindacale sul CCNL 2019-2021 <\/strong>dedicata ai Rappresentanti Aziendali AAROI-EMAC. Il corso, dal titolo &#8220;<strong>Il CCNL 2019-2021 della Dirigenza Sanitaria, tra regole confermate e novellate<\/strong> &#8211; <strong><em>Sviluppare le competenze maggiormente idonee per renderlo esigibile nei luoghi di lavoro<\/em><\/strong>&#8220;, si svolger\u00e0 a Roma Eventi &#8211; Fontana di Trevi dalle ore 8,30 alle ore 19,30.<\/p>\n\n\n\n<p>L&#8217;obiettivo \u00e8 una formazione avanzata per essere pronti alla contrattazione decentrata, fondamentale affinch\u00e9 le tante novit\u00e0 del CCNL 2019\/21 trovino la giusta attuazione. Per partecipare al Corso, tramite reclutamento dei Presidenti Regionali AAROI-EMAC, sar\u00e0 necessario lo studio preliminare propedeutico di apposito materiale audio-video e cartaceo che verr\u00e0 fornito dall&#8217;Associazione. <\/p>\n\n\n\n<p>Il Corso prevede il riconoscimento di 7 Crediti Formativi, previo superamento<br>del questionario di verifica Apprendimento.<\/p>\n\n\n\n<p><strong><a href=\"https:\/\/www.aaroiemac.it\/notizie\/wp-content\/uploads\/2024\/04\/Programma19Aprile_CCNL.pdf\" target=\"_blank\" rel=\"noreferrer noopener\">IL PROGRAMMA<\/a><\/strong><\/p>\n\n\n\n<p><strong><a href=\"https:\/\/www.aaroiemac.it\/notizie\/wp-content\/uploads\/2024\/03\/LOCANDINA19Aprile_CCNL.pdf\" target=\"_blank\" rel=\"noreferrer noopener\">LA LOCANDINA<\/a><\/strong><\/p>\n\n\n\n<div class=\"wp-block-image td-caption-align-https:\/\/www.aaroiemac.it\/notizie\/wp-content\/uploads\/2024\/03\/LOCANDINA19Aprile_CCNL.png\"><figure class=\"aligncenter size-large\"><img loading=\"lazy\" width=\"362\" height=\"512\" src=\"https:\/\/www.aaroiemac.it\/notizie\/wp-content\/uploads\/2024\/03\/LOCANDINA19Aprile_CCNL-362x512.png\" alt=\"\" class=\"wp-image-35498\" srcset=\"https:\/\/www.aaroiemac.it\/notizie\/wp-content\/uploads\/2024\/03\/LOCANDINA19Aprile_CCNL-362x512.png 362w, https:\/\/www.aaroiemac.it\/notizie\/wp-content\/uploads\/2024\/03\/LOCANDINA19Aprile_CCNL-212x300.png 212w, https:\/\/www.aaroiemac.it\/notizie\/wp-content\/uploads\/2024\/03\/LOCANDINA19Aprile_CCNL-768x1086.png 768w, https:\/\/www.aaroiemac.it\/notizie\/wp-content\/uploads\/2024\/03\/LOCANDINA19Aprile_CCNL-1086x1536.png 1086w, https:\/\/www.aaroiemac.it\/notizie\/wp-content\/uploads\/2024\/03\/LOCANDINA19Aprile_CCNL-1448x2048.png 1448w, https:\/\/www.aaroiemac.it\/notizie\/wp-content\/uploads\/2024\/03\/LOCANDINA19Aprile_CCNL-696x984.png 696w, https:\/\/www.aaroiemac.it\/notizie\/wp-content\/uploads\/2024\/03\/LOCANDINA19Aprile_CCNL-1068x1510.png 1068w, https:\/\/www.aaroiemac.it\/notizie\/wp-content\/uploads\/2024\/03\/LOCANDINA19Aprile_CCNL-1920x2715.png 1920w, https:\/\/www.aaroiemac.it\/notizie\/wp-content\/uploads\/2024\/03\/LOCANDINA19Aprile_CCNL-297x420.png 297w, https:\/\/www.aaroiemac.it\/notizie\/wp-content\/uploads\/2024\/03\/LOCANDINA19Aprile_CCNL-1320x1867.png 1320w\" sizes=\"(max-width: 362px) 100vw, 362px\" \/><\/figure><\/div>\n","protected":false},"excerpt":{"rendered":"<p>Il 19 Aprile 2024 si terr\u00e0 la Giornata di Formazione Sindacale sul CCNL 2019-2021 dedicata ai Rappresentanti Aziendali AAROI-EMAC. Il corso si terr\u00e0 a Roma Eventi &#8211; Fontana di Trevi dalle ore 8,30 alle ore 19,30.<\/p>\n","protected":false},"author":35358,"featured_media":35025,"comment_status":"closed","ping_status":"closed","sticky":false,"template":"","format":"standard","meta":{"_links_to":"","_links_to_target":""},"categories":[644,73,77],"tags":[867],"_links":{"self":[{"href":"https:\/\/www.aaroiemac.it\/notizie\/index.php?rest_route=\/wp\/v2\/posts\/35020"}],"collection":[{"href":"https:\/\/www.aaroiemac.it\/notizie\/index.php?rest_route=\/wp\/v2\/posts"}],"about":[{"href":"https:\/\/www.aaroiemac.it\/notizie\/index.php?rest_route=\/wp\/v2\/types\/post"}],"author":[{"embeddable":true,"href":"https:\/\/www.aaroiemac.it\/notizie\/index.php?rest_route=\/wp\/v2\/users\/35358"}],"replies":[{"embeddable":true,"href":"https:\/\/www.aaroiemac.it\/notizie\/index.php?rest_route=%2Fwp%2Fv2%2Fcomments&post=35020"}],"version-history":[{"count":8,"href":"https:\/\/www.aaroiemac.it\/notizie\/index.php?rest_route=\/wp\/v2\/posts\/35020\/revisions"}],"predecessor-version":[{"id":35539,"href":"https:\/\/www.aaroiemac.it\/notizie\/index.php?rest_route=\/wp\/v2\/posts\/35020\/revisions\/35539"}],"wp:featuredmedia":[{"embeddable":true,"href":"https:\/\/www.aaroiemac.it\/notizie\/index.php?rest_route=\/wp\/v2\/media\/35025"}],"wp:attachment":[{"href":"https:\/\/www.aaroiemac.it\/notizie\/index.php?rest_route=%2Fwp%2Fv2%2Fmedia&parent=35020"}],"wp:term":[{"taxonomy":"category","embeddable":true,"href":"https:\/\/www.aaroiemac.it\/notizie\/index.php?rest_route=%2Fwp%2Fv2%2Fcategories&post=35020"},{"taxonomy":"post_tag","embeddable":true,"href":"https:\/\/www.aaroiemac.it\/notizie\/index.php?rest_route=%2Fwp%2Fv2%2Ftags&post=35020"}],"curies":[{"name":"wp","href":"https:\/\/api.w.org\/{rel}","templated":true}]}}