{"id":35292,"date":"2024-02-16T12:25:35","date_gmt":"2024-02-16T11:25:35","guid":{"rendered":"https:\/\/www.aaroiemac.it\/notizie\/?p=35292"},"modified":"2024-03-07T10:30:35","modified_gmt":"2024-03-07T09:30:35","slug":"pensione-a-72-anni-e-scudo-penale-le-dichiarazioni-del-presidente-nazionale-al-fatto-quotidiano","status":"publish","type":"post","link":"https:\/\/www.aaroiemac.it\/notizie\/?p=35292","title":{"rendered":"Pensione a 72 anni e Scudo penale: le dichiarazioni del Presidente Nazionale al Fatto Quotidiano"},"content":{"rendered":"\n<p>Nell&#8217;articolo de <a href=\"https:\/\/www.ilfattoquotidiano.it\/2024\/02\/16\/medici-al-lavoro-fino-a-72-anni-i-sindacati-inutile-non-ridurra-luso-dei-gettonisti-sigle-divise-sul-prolungamento-dello-scudo-penale\/7448120\/?fbclid=IwAR2ZMDzYMMvQDVWKnnPllQcJJXXF7BnP7TSBDRW4HkS7QN-V0JntFhSn878\"><strong>Il Fatto Quotidiano<\/strong><\/a> le dichiarazioni del Presidente Nazionale AAROI-EMAC, Dr Alessandro Vergallo sull&#8217;aumento della et\u00e0 pensionabile per i Medici e sulla proroga dello scudo penale.<\/p>\n\n\n\n<p>\ud835\udc0f\ud835\udc04\ud835\udc0d\ud835\udc12\ud835\udc08\ud835\udc0e\ud835\udc0d\ud835\udc04 \ud835\udc00 \ud835\udfd5\ud835\udfd0 \ud835\udc00\ud835\udc0d\ud835\udc0d\ud835\udc08<br>\u201cL\u2019aumento dell\u2019et\u00e0 pensionabile non ci fa n\u00e9 caldo n\u00e9 freddo. Coinvolger\u00e0 poche centinaia di lavoratori. Non risolver\u00e0 il problema della carenza di personale e non arginer\u00e0 il costoso fenomeno dei gettonisti\u201d. L\u2019emendamento della maggioranza \u2013 che avr\u00e0 validit\u00e0 fino al 31 dicembre 2025 \u2013 prevede che, su base volontaria, i medici possano rimanere in corsia fino al compimento dei 72 anni di et\u00e0. Due anni in pi\u00f9 di quanto previsto al momento. Inoltre, permette a chi \u00e8 andato in pensione dallo scorso settembre di essere reintegrato in servizio. La specifica importante, per\u00f2, \u00e8 che non potr\u00e0 mantenere o assumere incarichi dirigenziali apicali. Per intendersi, i primari che decidono di continuare a lavorare non potranno mantenere la loro carica. Un modo per non bloccare la progressione delle carriere altrui. \u201cAlmeno \u00e8 stata inserita questa clausola. \u00c8 stato sventato un rischio enorme \u2013 commenta Vergallo -. Resta il fatto, per\u00f2, che in pochi aderiranno a questa misura. Non molti avranno la volont\u00e0 di rimanere a lavorare altri due anni\u201d.Per Vergallo sono altri i metodi per contrastare la carenza di personale: \u201cLa contrattualizzazione automatica degli ultimi due anni dei medici in formazione specialistica \u00e8 al primo posto. Ci lamentiamo di avere la popolazione medica pi\u00f9 anziana d\u2019Europa e poi teniamo bloccati i giovani professionisti nelle scuole di specializzazione. I pochi che vengono contrattualizzati grazie al Decreto Calabria devono prima sottostare ai continui paletti e agli ostacoli messi dalle Universit\u00e0. E mentre si tiene fermi i giovani, si continua ad alzare l\u2019et\u00e0 pensionabile\u201d.<\/p>\n\n\n\n<p>\ud835\udc0f\ud835\udc11\ud835\udc0e\ud835\udc0b\ud835\udc14\ud835\udc0d\ud835\udc06\ud835\udc00\ud835\udc0c\ud835\udc04\ud835\udc0d\ud835\udc13\ud835\udc0e \ud835\udc12\ud835\udc02\ud835\udc14\ud835\udc03\ud835\udc0e \ud835\udc0f\ud835\udc04\ud835\udc0d\ud835\udc00\ud835\udc0b\ud835\udc04<br>\u201cSi tiene conto \u2013 si legge nel testo dell\u2019emendamento \u2013 delle condizioni di lavoro dell\u2019esercente la professione sanitaria, dell\u2019entit\u00e0 delle risorse umane, materiali e finanziarie concretamente disponibili in relazione al numero dei casi da trattare, del contesto organizzativo in cui i fatti sono commessi nonch\u00e9 del minor grado di esperienza e conoscenze tecniche possedute dal personale non specializzato\u201d. Con questo passaggio la maggioranza punta a far s\u00ec che chi giudica tenga conto delle difficolt\u00e0 nelle quali operano i medici negli ospedali. \u201cMa quale magistrato terr\u00e0 conto delle carenze di personale come giustificative di un\u2019ipotesi di errore?\u201d, si chiede Vergallo. \u201cSenza contare che le condizioni di difficolt\u00e0 in cui lavoriamo sono state causate da anni di definanziamento del Ssn \u2013 prosegue -. Un trend che questo governo non ha certo invertito con la finanziaria di quest\u2019anno. Se come Paese non sono disposto a spendere un adeguato quantitativo di risorse per il Ssn, non posso poi pretendere che il Sistema ottenga risultati adeguati nelle cure e nella prevenzione\u201d. Per Vergallo la proroga \u00e8 solo un \u201cpannicello caldo\u201d che non serve a niente, forse solo a \u201cintenti elettorali\u201d. \u201cTutto l\u2019ordinamento andrebbe riformato. Da quando \u00e8 stato introdotto per il Covid, lo scudo non ha portato ad alcuna diminuzione dei procedimenti penali \u2013 conclude il presidente nazionale Aaroi-Emac -. Non si capisce perch\u00e9 questa proroga debba portare dei risultati diversi rispetto a quelli che abbiamo osservato negli ultimi anni\u201d.<\/p>\n\n\n\n<p><a href=\"https:\/\/www.ilfattoquotidiano.it\/2024\/02\/16\/medici-al-lavoro-fino-a-72-anni-i-sindacati-inutile-non-ridurra-luso-dei-gettonisti-sigle-divise-sul-prolungamento-dello-scudo-penale\/7448120\/?fbclid=IwAR2ZMDzYMMvQDVWKnnPllQcJJXXF7BnP7TSBDRW4HkS7QN-V0JntFhSn878\" target=\"_blank\" rel=\"noreferrer noopener\"><strong>Leggi l&#8217;articolo integrale <\/strong><\/a><a href=\"https:\/\/www.facebook.com\/photo\/?fbid=866903755234910&amp;set=a.555513566373932&amp;__cft__[0]=AZX9U7CBIte4og4dc31Ld0-A2pCFEoFV98Mfqr1KK8AONKEOBqEDFxEIescSkYbYTpHlNyd27kwCDh7kn6KyDsxK-MleZzWksNu-JS2flYIFzCRkmVZDryAMkg6MRlxo1X3JYM3NV714UXo-6wxgQ5AqQSStauvW-2JGDRN3K5MzB8oKev8j1piWohlEl8XzVa4&amp;__tn__=EH-R\"><\/a><\/p>\n","protected":false},"excerpt":{"rendered":"<p>Nell&#8217;articolo de Il Fatto Quotidiano le dichiarazioni del Presidente Nazionale AAROI-EMAC, Dr Alessandro Vergallo sull&#8217;aumento della et\u00e0 pensionabile per i Medici e sulla proroga dello scudo penale.<\/p>\n","protected":false},"author":35358,"featured_media":35293,"comment_status":"closed","ping_status":"closed","sticky":false,"template":"","format":"standard","meta":{"_links_to":"","_links_to_target":""},"categories":[644,28],"tags":[711,909,654],"_links":{"self":[{"href":"https:\/\/www.aaroiemac.it\/notizie\/index.php?rest_route=\/wp\/v2\/posts\/35292"}],"collection":[{"href":"https:\/\/www.aaroiemac.it\/notizie\/index.php?rest_route=\/wp\/v2\/posts"}],"about":[{"href":"https:\/\/www.aaroiemac.it\/notizie\/index.php?rest_route=\/wp\/v2\/types\/post"}],"author":[{"embeddable":true,"href":"https:\/\/www.aaroiemac.it\/notizie\/index.php?rest_route=\/wp\/v2\/users\/35358"}],"replies":[{"embeddable":true,"href":"https:\/\/www.aaroiemac.it\/notizie\/index.php?rest_route=%2Fwp%2Fv2%2Fcomments&post=35292"}],"version-history":[{"count":2,"href":"https:\/\/www.aaroiemac.it\/notizie\/index.php?rest_route=\/wp\/v2\/posts\/35292\/revisions"}],"predecessor-version":[{"id":35295,"href":"https:\/\/www.aaroiemac.it\/notizie\/index.php?rest_route=\/wp\/v2\/posts\/35292\/revisions\/35295"}],"wp:featuredmedia":[{"embeddable":true,"href":"https:\/\/www.aaroiemac.it\/notizie\/index.php?rest_route=\/wp\/v2\/media\/35293"}],"wp:attachment":[{"href":"https:\/\/www.aaroiemac.it\/notizie\/index.php?rest_route=%2Fwp%2Fv2%2Fmedia&parent=35292"}],"wp:term":[{"taxonomy":"category","embeddable":true,"href":"https:\/\/www.aaroiemac.it\/notizie\/index.php?rest_route=%2Fwp%2Fv2%2Fcategories&post=35292"},{"taxonomy":"post_tag","embeddable":true,"href":"https:\/\/www.aaroiemac.it\/notizie\/index.php?rest_route=%2Fwp%2Fv2%2Ftags&post=35292"}],"curies":[{"name":"wp","href":"https:\/\/api.w.org\/{rel}","templated":true}]}}