{"id":35324,"date":"2024-02-22T17:05:08","date_gmt":"2024-02-22T16:05:08","guid":{"rendered":"https:\/\/www.aaroiemac.it\/notizie\/?p=35324"},"modified":"2024-02-22T17:05:09","modified_gmt":"2024-02-22T16:05:09","slug":"incontro-su-tariffe-118-sicilia-proposta-non-adeguata","status":"publish","type":"post","link":"https:\/\/www.aaroiemac.it\/notizie\/?p=35324","title":{"rendered":"Incontro su tariffe 118 Sicilia: proposta non adeguata"},"content":{"rendered":"\n<p>Le dichiarazioni del Dr Gianluigi Morello, Presidente AAROI-EMAC Sicilia, al termine dell&#8217;incontro in Regione:<br>\u00ab<em>L\u2019assessorato ha proposto senza tema di modifica un aumento del 20% delle tariffe attuali. Pertanto per gli anestesisti 51 euro circa per elicottero e 46 euro circa per ambulanza. Premettendo che ho espresso sincero apprezzamento circa le buone intenzioni dell\u2019Assessorato che ha manifestato atteggiamento costruttivo, ho dichiarato che la posizione di AAROI-EMAC \u00e8 di equiparare le prestazioni in 118 alle prestazioni aggiuntive del CCNL<\/em>\u00bb.<\/p>\n\n\n\n<p>Inoltre Morello sottolinea: \u00ab<em>Ho citato quelle che sono le tariffe di mercato che girano in regione circa le prestazioni aggiuntive ospedaliere, i turni \u201cin convezione\u201d tra aziende, i progetti aziendali vari su fratture di femore, partoanalgesie, abbattimento liste d\u2019attesa. Ho annunciato che, stante le tariffe proposte, c\u2019\u00e8 il concreto rischio di scopertura acuta di postazioni &#8211; per abbandono &#8211; con il conseguente rischio di dover poi correre ai ripari con costi ultramaggiorati come avviene in taluni reparti di presidi periferici che \u201ccon l\u2019acqua alla gola\u201d appaltano turni alle cooperative o a convenzioni molto ben retribuite<\/em>\u00bb.<\/p>\n\n\n\n<p><br>\u00ab<em>Anche dopo l\u2019aumento proposto la Sicilia resterebbe all\u2019ultimo posto su scala nazionale con le tariffe pi\u00f9 basse<\/em> &#8211; conclude Morello -. <em>Pertanto esiste il rischio reale e concreto che gli anestesisti non offrano pi\u00f9 la loro disponibilit\u00e0 su base volontaria gi\u00e0 a partire dal 1 marzo. Questo scenario sarebbe catastrofico in termini di declino dell\u2019assistenza sanitaria extraospedaliera. Il governo faccia le opportune riflessioni<\/em>\u00bb.<br><br><a href=\"https:\/\/www.insanitas.it\/nuove-tariffe-orarie-per-medici-e-infermieri-del-118-i-sindacati-proposta-non-adeguata\/\" target=\"_blank\" rel=\"noreferrer noopener\">LEGGI L&#8217;ARTICOLO SU INSANITAS<\/a><\/p>\n","protected":false},"excerpt":{"rendered":"<p>Le dichiarazioni del Dr Gianluigi Morello, Presidente AAROI-EMAC Sicilia, al termine dell&#8217;incontro in Regione.<\/p>\n","protected":false},"author":35358,"featured_media":35325,"comment_status":"closed","ping_status":"closed","sticky":false,"template":"","format":"standard","meta":{"_links_to":"","_links_to_target":""},"categories":[646,44],"tags":[632,886],"_links":{"self":[{"href":"https:\/\/www.aaroiemac.it\/notizie\/index.php?rest_route=\/wp\/v2\/posts\/35324"}],"collection":[{"href":"https:\/\/www.aaroiemac.it\/notizie\/index.php?rest_route=\/wp\/v2\/posts"}],"about":[{"href":"https:\/\/www.aaroiemac.it\/notizie\/index.php?rest_route=\/wp\/v2\/types\/post"}],"author":[{"embeddable":true,"href":"https:\/\/www.aaroiemac.it\/notizie\/index.php?rest_route=\/wp\/v2\/users\/35358"}],"replies":[{"embeddable":true,"href":"https:\/\/www.aaroiemac.it\/notizie\/index.php?rest_route=%2Fwp%2Fv2%2Fcomments&post=35324"}],"version-history":[{"count":1,"href":"https:\/\/www.aaroiemac.it\/notizie\/index.php?rest_route=\/wp\/v2\/posts\/35324\/revisions"}],"predecessor-version":[{"id":35326,"href":"https:\/\/www.aaroiemac.it\/notizie\/index.php?rest_route=\/wp\/v2\/posts\/35324\/revisions\/35326"}],"wp:featuredmedia":[{"embeddable":true,"href":"https:\/\/www.aaroiemac.it\/notizie\/index.php?rest_route=\/wp\/v2\/media\/35325"}],"wp:attachment":[{"href":"https:\/\/www.aaroiemac.it\/notizie\/index.php?rest_route=%2Fwp%2Fv2%2Fmedia&parent=35324"}],"wp:term":[{"taxonomy":"category","embeddable":true,"href":"https:\/\/www.aaroiemac.it\/notizie\/index.php?rest_route=%2Fwp%2Fv2%2Fcategories&post=35324"},{"taxonomy":"post_tag","embeddable":true,"href":"https:\/\/www.aaroiemac.it\/notizie\/index.php?rest_route=%2Fwp%2Fv2%2Ftags&post=35324"}],"curies":[{"name":"wp","href":"https:\/\/api.w.org\/{rel}","templated":true}]}}