{"id":36610,"date":"2024-10-14T15:41:45","date_gmt":"2024-10-14T13:41:45","guid":{"rendered":"https:\/\/www.aaroiemac.it\/notizie\/?p=36610"},"modified":"2024-10-31T15:06:03","modified_gmt":"2024-10-31T14:06:03","slug":"affermazioni-dg-ospedali-riuniti-di-foggia-la-lettera-del-presidente-nazionale-a-quotidiano-sanita","status":"publish","type":"post","link":"https:\/\/www.aaroiemac.it\/notizie\/?p=36610","title":{"rendered":"Affermazioni DG Ospedali Riuniti di Foggia: la lettera del Presidente Nazionale a Quotidiano Sanit\u00e0"},"content":{"rendered":"\n<p><strong><em>Il Presidente Nazionale AAROI-EMAC, Dr Alessandro Vergallo, ha scritto una lettera a Quotidiano Sanit\u00e0 in merito alle recenti dichiarazioni del Direttore Generale degli Ospedali Riuniti di Foggia nel corso del programma Far West di RAI 3 e in generale su quanto emerso nella trasmissione. <br>Leggi la lettera integrale di seguito o al link:<\/em><\/strong><br><a rel=\"noreferrer noopener\" href=\"https:\/\/www.quotidianosanita.it\/lavoro-e-professioni\/articolo.php?approfondimento_id=19616\" target=\"_blank\"><strong>https:\/\/www.quotidianosanita.it\/lavoro-e-professioni\/articolo.php?approfondimento_id=19616<\/strong><\/a><\/p>\n\n\n\n<p>Gentile Direttore,<\/p>\n\n\n\n<p>le dichiarazioni del Direttore Generale degli Ospedali Riuniti di Foggia dott. Pasqualone nell\u2019ambito dell\u2019intervista resa lo scorso venerd\u00ec 11 ottobre nel corso del programma Far West di RAI 3, condotto dal giornalista Salvo Sottile, laddove Pasqualone si \u00e8 lasciato andare a parole a dir poco sconcertanti sull\u2019aggressione al personale sanitario avvenuta a Foggia il 4 settembre, hanno provocato una bufera.<\/p>\n\n\n\n<p>In realt\u00e0 a noi pare che in tutto il servizio non solo Pasqualone, ma anche diversi altri ospiti invitati ad intervenire sull\u2019argomento siano scivolati molto malamente sul delicatissimo crinale su cui scorre, nella realt\u00e0 quotidiana, l\u2019erronea aspettativa popolare in base alla quale \u2013 semplificando \u2013 una volta affidato alle cure di medici e infermieri, nessun caso clinico, neppure quello pi\u00f9 grave e gi\u00e0 di per s\u00e9 a rischio di vita, possa andare incontro a complicanze che purtroppo possono divenire anche mortali, nonostante i progressi scientifici della medicina e l\u2019abnegazione del personale sanitario, che ormai deve svolgere il proprio lavoro in condizioni che ne mettono a rischio costante anche l\u2019incolumit\u00e0 fisica.<\/p>\n\n\n\n<p>Il caso della sfortunata giovane vittima di un gravissimo incidente stradale che grazie alle cure ricevute in Rianimazione a Foggia sembrava, almeno a quanto parrebbe dalle prime ricostruzioni mediatiche dei fatti, avviata ad essere dimessa dall\u2019Ospedale dopo che le era stata salvata la vita prima che avvenisse l\u2019irreparabile, \u00e8 l\u2019ennesima dimostrazione di quanto sia pericolosa questa irrealistica aspettativa allorquando quando viene addirittura istigata pubblicamente attraverso i media, poich\u00e9 certe scivolate rischiano di giustificare sempre pi\u00f9, in un immaginario collettivo purtroppo reso sempre pi\u00f9 vasto anche da simili trasmissioni, la violenza ai danni di medici e infermieri, che negli ultimi tempi \u00e8 ormai all\u2019ordine del giorno per qualsiasi percezione o sensazione popolare di inadeguatezza delle cure.<\/p>\n\n\n\n<p>Prova ne sia, di queste pericolosissime scivolate mediatiche, che nel servizio la Giornalista Annalisa Terranova, ospite del Servizio, ha addirittura pronunciato come fosse gi\u00e0 una sentenza la parola \u2018malasanit\u00e0\u2019, mentre invece la Giustizia ha immediatamente avviato le indagini del caso, alla conclusione delle quali soltanto ed esclusivamente la Magistratura avr\u00e0 titolo per pronunciarsi nel merito delle eventuali responsabilit\u00e0, ammesso e non concesso che nel caso specifico ne venga acclarata la prova, come del resto dev\u2019essere in ogni ambito ed in ogni circostanza.<\/p>\n\n\n\n<p>Ancor peggiore l\u2019eco che le ha fatto l\u2019ex sindacalista ed ex Parlamentare Carla Cantone, disquisendo in tema di responsabilit\u00e0 penale sanitaria nel solco preconcetto di \u201c<em>malasanit\u00e0<\/em>\u201d, quando si \u00e8 spinta senza vergogna a dire \u201c<em>se ti muore una figlia, un padre una madre una sorella ti viene voglia s\u00ec di fare un macello \u2026 ti viene voglia di strozzarli\u2026<\/em> (NdR: i Sanitari che li avevano in cura)\u201d.<\/p>\n\n\n\n<p>Non ci stancheremo mai di ricordare a chiunque che, se pur comprensibile, l\u2019aspettativa popolare che qualsiasi malattia o incidente abbia come esito la guarigione, e che debba essere immune da complicanze, \u00e8 pericolosa per l\u2019intero tessuto sociale del nostro Paese, di cui la fiducia nel nostro SSN \u00e8 pilastro tanto fondamentale quanto sempre pi\u00f9 in demolizione.<\/p>\n\n\n\n<p>Il Presidente Mattarella, proprio ieri 13 ottobre, intervenendo in occasione della 74^ giornata nazionale per le vittime degli incidenti sul lavoro, ha affermato \u201c<em>la sicurezza sul lavoro \u00e8 una priorit\u00e0 permanente della Repubblica \u2026 una questione di dignit\u00e0 umana<\/em>\u201d. Vogliamo credere che l\u2019autorevole richiamo del nostro Presidente valga a maggior ragione, per chi amministra il nostro SSN, a tutela dell\u2019incolumit\u00e0 fisica dei suoi medici e dei suoi infermieri, di cui essi hanno la responsabilit\u00e0, spingendoli sia ad adottare misure di sicurezza che proteggano il personale sanitario dall\u2019aggressivit\u00e0 di certa utenza di cui esso \u00e8 vittima, anche con iniziative di formazione comunicativa.<\/p>\n\n\n\n<p>Tutto ci\u00f2 lo sanno bene gli Anestesisti Rianimatori e i Medici dell\u2019Emergenza Urgenza, che l\u2019AAROI-EMAC rappresenta, per i quali una comunicazione chiara, efficace ed empatica \u00e8 parte essenziale del proprio lavoro quotidiano nelle sale operatorie, nelle rianimazioni, nei pronto soccorso, nell\u2019emergenza extra-ospedaliera, cio\u00e8 nelle situazioni emergenziali che risultano essere le pi\u00f9 critiche sotto l\u2019aspetto comunicativo in ambito sanitario, nel quale ambito la nostra Associazione \u00e8 attiva anche con proprie iniziative formative specifiche per i Colleghi che ne fanno parte.<\/p>\n\n\n\n<p>Altrettanto invece con pu\u00f2 dirsi, proprio sul versante comunicativo, per Pasqualone, tant\u2019\u00e8 vero che in queste ore sta tentando un difficile dietrofront sull\u2019affermazione di cui si \u00e8 reso responsabile di fronte ad un quesito, che forse lo ha distolto dal fatto in s\u00e9, rivoltogli dall\u2019inviato della trasmissione Far West in tema di \u201c<em>comunicazione tra medici, pazienti e familiari<\/em>\u201d, rispondendo (tra altri scivoloni) <em>\u201c\u2026 all\u2019estero se qualcuno protesta che tu non gli hai dato le informazioni \u2026 perdi il posto di lavoro<\/em>\u201d (\u201c<em>ci trattano cos\u00ec i Sanitari<\/em>\u201d aveva affermato pochi secondi prima), lasciando addirittura sospettare di intendere quali conseguenze, oltre che quelle giudiziarie, il Direttore Generale riterrebbe prefigurabili per i Sanitari accusati foss\u2019anche soltanto di \u2018malasanit\u00e0 comunicativa\u2019.<\/p>\n\n\n\n<p>Vien da chiedersi se prima di farle, queste inquietanti affermazioni, Pasqualone si \u00e8 chiesto se le conseguenze che esse paiono prefigurare possano riguardarlo anche in prima persona, considerato che una cattiva informazione \u00e8 forse peggiore di una informazione mancata o carente, e dato che soprattutto negli ambiti sanitari in generale la comunicazione \u2018gestionale\u2019 non \u00e8 meno importante di quella professionale. Nel caso, siamo disponibili, facendo un\u2019eccezione, a riservargli un posto da discente ai nostri corsi formativi, disegnandone magari uno su misura, in generale, anche per certe \u2018Direzioni Strategiche\u2019 dei nostri Ospedali.<\/p>\n\n\n\n<p class=\"has-text-align-right\"><em>Dr Alessandro Vergallo<\/em><br><em>Presidente Nazionale AAROI-EMAC<\/em><\/p>\n","protected":false},"excerpt":{"rendered":"<p>Il Presidente Nazionale AAROI-EMAC, Dr Alessandro Vergallo ha scritto una lettera a Quotidiano Sanit\u00e0 in merito alle dichiarazioni del Direttore Generale degli Ospedali Riuniti di Foggia dott. Pasqualone nell\u2019ambito dell\u2019intervista nel corso del programma Far West di RAI 3 e in generale su quanto emerso nella trasmissione.<\/p>\n","protected":false},"author":35358,"featured_media":36611,"comment_status":"closed","ping_status":"closed","sticky":false,"template":"","format":"standard","meta":{"_links_to":"","_links_to_target":""},"categories":[644,68],"tags":[],"_links":{"self":[{"href":"https:\/\/www.aaroiemac.it\/notizie\/index.php?rest_route=\/wp\/v2\/posts\/36610"}],"collection":[{"href":"https:\/\/www.aaroiemac.it\/notizie\/index.php?rest_route=\/wp\/v2\/posts"}],"about":[{"href":"https:\/\/www.aaroiemac.it\/notizie\/index.php?rest_route=\/wp\/v2\/types\/post"}],"author":[{"embeddable":true,"href":"https:\/\/www.aaroiemac.it\/notizie\/index.php?rest_route=\/wp\/v2\/users\/35358"}],"replies":[{"embeddable":true,"href":"https:\/\/www.aaroiemac.it\/notizie\/index.php?rest_route=%2Fwp%2Fv2%2Fcomments&post=36610"}],"version-history":[{"count":3,"href":"https:\/\/www.aaroiemac.it\/notizie\/index.php?rest_route=\/wp\/v2\/posts\/36610\/revisions"}],"predecessor-version":[{"id":36619,"href":"https:\/\/www.aaroiemac.it\/notizie\/index.php?rest_route=\/wp\/v2\/posts\/36610\/revisions\/36619"}],"wp:featuredmedia":[{"embeddable":true,"href":"https:\/\/www.aaroiemac.it\/notizie\/index.php?rest_route=\/wp\/v2\/media\/36611"}],"wp:attachment":[{"href":"https:\/\/www.aaroiemac.it\/notizie\/index.php?rest_route=%2Fwp%2Fv2%2Fmedia&parent=36610"}],"wp:term":[{"taxonomy":"category","embeddable":true,"href":"https:\/\/www.aaroiemac.it\/notizie\/index.php?rest_route=%2Fwp%2Fv2%2Fcategories&post=36610"},{"taxonomy":"post_tag","embeddable":true,"href":"https:\/\/www.aaroiemac.it\/notizie\/index.php?rest_route=%2Fwp%2Fv2%2Ftags&post=36610"}],"curies":[{"name":"wp","href":"https:\/\/api.w.org\/{rel}","templated":true}]}}