{"id":36796,"date":"2024-11-13T16:08:44","date_gmt":"2024-11-13T15:08:44","guid":{"rendered":"https:\/\/www.aaroiemac.it\/notizie\/?p=36796"},"modified":"2024-11-27T14:42:55","modified_gmt":"2024-11-27T13:42:55","slug":"intersindacale-per-salvare-il-sistema-sanitario-nazionale-serve-una-mobilitazione-unitaria","status":"publish","type":"post","link":"https:\/\/www.aaroiemac.it\/notizie\/?p=36796","title":{"rendered":"Intersindacale: per salvare il sistema sanitario nazionale serve una mobilitazione unitaria"},"content":{"rendered":"\n<p>&nbsp;\u201c<em>Un appello all\u2019unit\u00e0 per difendere il Servizio Sanitario Nazionale a fronte di una Legge di bilancio inadeguata perch\u00e9 non contiene le risorse necessarie per le assunzioni, i contratti, la formazione, i servizi di prevenzione, diagnosi, cura e riabilitazione essenziali per i cittadini<\/em>\u201d. \u00c8 la richiesta che viene dalla Conferenza Unitaria degli esecutivi nazionali e regionali dell\u2019Intersindacale dei Dirigenti medici, veterinari e sanitari, composta da AAROI-EMAC, FASSID, FP CGIL Medici e Dirigenti SSN, FVM e UIL FPL Medici e Veterinari che si \u00e8 tenuta oggi a Roma.&nbsp;<\/p>\n\n\n\n<p>\u201c<em>Oggi <\/em>\u2013 hanno detto riuniti in Piazza Monte Citorio a Roma &#8211; <em>medici, veterinari, farmacisti, psicologi, biologi, fisici e chimici e dirigenti delle professioni sanitarie, chiedono al Governo e al Parlamento risorse vincolate all\u2019assunzione di personale senza il quale la sanit\u00e0 collassa; risorse per valorizzare il lavoro dei professionisti e dei lavoratori della sanit\u00e0 pubblica; maggiori risorse per i Contratti nazionali e per la formazione specialistica di tutti i medici, veterinari e dirigenti sanitari; adeguate risorse extracontrattuali per l\u2019aumento della Indennit\u00e0 di specificit\u00e0 medica, veterinaria e sanitaria<\/em>\u201d.&nbsp;<\/p>\n\n\n\n<p>\u201c<em>La crisi della sanit\u00e0 pubblica \u00e8 sotto gli occhi di tutti. \u00c8 fondamentale e urgente intervenire con pi\u00f9 risorse vincolate alla sanit\u00e0 pubblica, per salvare l\u2019unico presidio per garantire universalit\u00e0 ed equit\u00e0 come fondamento della struttura sociale del paese. Il diritto alla salute \u00e8 sancito dalla Costituzione ed \u00e8 compito della politica garantirne l\u2019attuazione\u201d.&nbsp;<\/em><\/p>\n\n\n\n<p>L\u2019intersindacale avvia oggi un percorso unitario di aggregazione di tutte le forze sindacali e sociali della sanit\u00e0 per una mobilitazione che superer\u00e0 anche il momento della Legge di bilancio, data la complessit\u00e0 dei problemi del Ssn, la cui soluzione \u00e8 da concertare con Governo e Regioni.&nbsp;<\/p>\n\n\n\n<p>Per dare consapevolezza e forza al movimento le Organizzazioni Sindacali si attiveranno anche attraverso Assemblee sindacali in tutte le Aziende sanitarie e ospedaliere.&nbsp;<\/p>\n\n\n\n<hr class=\"wp-block-separator is-style-default\"\/>\n\n\n\n<p><strong>GUARDA IL VIDEO DELL&#8217;INTERVENTO DEL PRESIDENTE AAROI-EMAC<\/strong><\/p>\n\n\n\n<figure class=\"wp-block-video\"><video controls src=\"https:\/\/www.aaroiemac.it\/notizie\/wp-content\/uploads\/2024\/11\/241113_ConferenzaUnitaria-1.mov\"><\/video><\/figure>\n","protected":false},"excerpt":{"rendered":"<p>\u00a0\u201cUn appello all\u2019unit\u00e0 per difendere il Servizio Sanitario Nazionale a fronte di una Legge di bilancio inadeguata perch\u00e9 non contiene le risorse necessarie per le assunzioni, i contratti, la formazione, i servizi di prevenzione, diagnosi, cura e riabilitazione essenziali per i cittadini\u201d. \u00c8 la richiesta che viene dalla Conferenza Unitaria degli esecutivi nazionali e regionali dell\u2019Intersindacale.<\/p>\n","protected":false},"author":35358,"featured_media":36797,"comment_status":"closed","ping_status":"closed","sticky":false,"template":"","format":"standard","meta":{"_links_to":"","_links_to_target":""},"categories":[644,68,51],"tags":[],"_links":{"self":[{"href":"https:\/\/www.aaroiemac.it\/notizie\/index.php?rest_route=\/wp\/v2\/posts\/36796"}],"collection":[{"href":"https:\/\/www.aaroiemac.it\/notizie\/index.php?rest_route=\/wp\/v2\/posts"}],"about":[{"href":"https:\/\/www.aaroiemac.it\/notizie\/index.php?rest_route=\/wp\/v2\/types\/post"}],"author":[{"embeddable":true,"href":"https:\/\/www.aaroiemac.it\/notizie\/index.php?rest_route=\/wp\/v2\/users\/35358"}],"replies":[{"embeddable":true,"href":"https:\/\/www.aaroiemac.it\/notizie\/index.php?rest_route=%2Fwp%2Fv2%2Fcomments&post=36796"}],"version-history":[{"count":7,"href":"https:\/\/www.aaroiemac.it\/notizie\/index.php?rest_route=\/wp\/v2\/posts\/36796\/revisions"}],"predecessor-version":[{"id":36941,"href":"https:\/\/www.aaroiemac.it\/notizie\/index.php?rest_route=\/wp\/v2\/posts\/36796\/revisions\/36941"}],"wp:featuredmedia":[{"embeddable":true,"href":"https:\/\/www.aaroiemac.it\/notizie\/index.php?rest_route=\/wp\/v2\/media\/36797"}],"wp:attachment":[{"href":"https:\/\/www.aaroiemac.it\/notizie\/index.php?rest_route=%2Fwp%2Fv2%2Fmedia&parent=36796"}],"wp:term":[{"taxonomy":"category","embeddable":true,"href":"https:\/\/www.aaroiemac.it\/notizie\/index.php?rest_route=%2Fwp%2Fv2%2Fcategories&post=36796"},{"taxonomy":"post_tag","embeddable":true,"href":"https:\/\/www.aaroiemac.it\/notizie\/index.php?rest_route=%2Fwp%2Fv2%2Ftags&post=36796"}],"curies":[{"name":"wp","href":"https:\/\/api.w.org\/{rel}","templated":true}]}}