{"id":36834,"date":"2024-11-18T13:04:41","date_gmt":"2024-11-18T12:04:41","guid":{"rendered":"https:\/\/www.aaroiemac.it\/notizie\/?p=36834"},"modified":"2024-11-29T12:21:06","modified_gmt":"2024-11-29T11:21:06","slug":"la-legge-di-bilancio-deve-finanziare-lindennita-di-specificita-con-maggiori-risorse-vive-in-busta-paga-no-alla-defiscalizzazione-una-tantum%ef%bf%bc","status":"publish","type":"post","link":"https:\/\/www.aaroiemac.it\/notizie\/?p=36834","title":{"rendered":"La Legge di Bilancio deve finanziare l&#8217;indennit\u00e0 di specificit\u00e0 con maggiori risorse vive in busta paga. NO alla defiscalizzazione una tantum\ufffc"},"content":{"rendered":"\n<p>La MANOVRA 2025 (per ora IN BOZZA), pur insufficiente sotto il profilo degli stanziamenti in generale previsti per il SSN (e quindi per tal motivo da noi pi\u00f9 volte contestata anche in coordinamento con le altre Sigle dell&#8217;Intersindacale), contiene PER NOI AR &amp; MEU DIVERSE COSE BUONE: nuove risorse per il PS, incrementi delle borse di studio per i MIF in alcune Discipline (di cui ARTID &amp; MEU sono giustamente destinatarie in gran parte), aumenti della ISS corretti nel metodo pur da incrementarsi nel quantum, etc., e NON demolisce le Flat Tax per le Prestazioni Aggiuntive introdotta dal DECRETO-LEGGE 7 giugno 2024, n. 73 (che anch&#8217;essa per la maggior parte riguarda soprattutto ARTID &amp; MEU).<\/p>\n\n\n\n<p>Al contrario, tra gli emendamenti presentati alla Legge di Bilancio, alcuni vanno in una direzione opposta rispetto a quanto appena sopra. E&#8217; quindi evidente che alcune forze contrarie alle istanze dei Medici&nbsp;ARTID &amp; MEU spingono affinch\u00e9 questi pur timidi tentativi governativi di valorizzare queste nostre specialit\u00e0, meno favorite sia economicamente sia per le condizioni di lavoro rispetto alle altre, siano sterilizzati da tali proposte emendative, il cui principio ispiratore di alcune \u00e8 &#8220;pi\u00f9 risorse per tutti i MIF, pi\u00f9 flat tax per tutti gli Specialisti&#8221;. <\/p>\n\n\n\n<p>Per questo motivo \u00e8 stato diffuso oggi il Comunicato Stampa Intersindacale che segue, e che manifesta a chiare lettere la nostra contrariet\u00e0 a modifiche della Manovra che per quanto ci riguarda la peggiorerebbero invece che migliorarla,&nbsp;ed \u00e8 per la stessa ragione che al momento non \u00e8 nostra intenzione scioperare a sostegno di sue modifiche che sarebbero controproducenti per i Colleghi rappresentati dall&#8217;AAROI-EMAC.&nbsp;<\/p>\n\n\n\n<p>Sosterremo con nostre proprie iniziative AAROI-EMAC (per iniziare con assemblee in orario di lavoro, che oltretutto non comportano decurtazioni stipendiali, anche di concerto con le altre OO. SS. dell&#8217;InterSindacale) le nostre istanze per migliorare la Manovra, e se questo non accadr\u00e0 avremo modo di protestare pi\u00f9 incisivamente, anche con un nostro sciopero, ma sempre per i nostri legittimi interessi e non a traino di altri le cui rivendicazioni sono molto diverse dalle nostre.<\/p>\n\n\n\n<p class=\"has-text-align-center\"><strong>TESTO COMUNICATO STAMPA INTERSINDACALE&nbsp;<\/strong><\/p>\n\n\n\n<p>&#8220;Il Governo chiarisca la posizione che intende assumere sull&#8217;indennit\u00e0 di specificit\u00e0 dei professionisti sanitari&#8221; lo dichiarano le sigle sindacali AAROI-EMAC, FASSID, FP CGIL Medici e Dirigenti SSN, FVM e UIL FPL Medici e Veterinari che compongono l&#8217;intersindacale dei Dirigenti Medici, Veterinari e Sanitari.&#8221;Sulla questione stiamo assistendo ad un rimpallo tra maggioranza e Governo che al momento crea solo disorientamento tra i professionisti e preoccupazione tra le organizzazioni sindacali di categoria\u201d.<\/p>\n\n\n\n<p>&#8220;Da una parte \u00e8 chiara la posizione assunta dal Governo nella bozza della Legge di bilancio che finanzia in modo diretto l&#8217;aumento dell&#8217;indennit\u00e0 di specificit\u00e0, che per noi, come rappresentato ripetutamente anche al Ministro Schillaci, \u00e8 la strada corretta per valorizzare economicamente le specificit\u00e0 professionali. A questo proposito abbiamo gi\u00e0 chiaramente segnalato che le risorse devono essere anticipate gi\u00e0 dal 2025 e devono essere distribuite equamente tra tutti i Dirigenti medici, veterinari e sanitari&#8221;.&nbsp;<\/p>\n\n\n\n<p>&#8220;Dall&#8217;altra, al contrario, \u00e8 stato presentato un emendamento di maggioranza che, invece, va nella direzione diametralmente opposta, quella di defiscalizzare la stessa indennit\u00e0, prospettiva che rigettiamo con fermezza perch\u00e9 crea sperequazioni tra i professionisti, perch\u00e9 non aumenta la massa salariale e quindi incide negativamente sulla dinamica retributiva degli aumenti del contratto collettivo nazionale&#8221; precisano le Oo.Ss.<\/p>\n\n\n\n<p>&#8220;Sono posizioni tra loro inconciliabili che mostrano la contraddizione di intenti tra la maggioranza ed il Governo&#8221;&nbsp;&#8220;Ci rivolgiamo nuovamente al Ministro Schillaci perch\u00e9 garantisca, con il Governo, che va mantenuto il finanziamento sulla voce contrattuale affinch\u00e9 valorizzi dal 2025, aumentandole equamente, le buste paga di tutti i Dirigenti del Servizio Sanitario Nazionale. Non accetteremo ribaltoni che vanno nella direzione opposta&#8221;.<\/p>\n\n\n\n<p>&#8220;La defiscalizzazione delle voci contrattuali \u00e8 uno specchietto per le allodole per i professionisti e sarebbe autolesionismo sindacale perseguirla\u201d.<\/p>\n\n\n\n<hr class=\"wp-block-separator is-style-default\"\/>\n\n\n\n<p><strong>Leggi anche<\/strong>:<br><strong><a rel=\"noreferrer noopener\" href=\"https:\/\/www.aaroiemac.it\/notizie\/?p=36796\" target=\"_blank\">Intersindacale: per salvare il sistema sanitario nazionale serve una mobilitazione unitaria<\/a> <\/strong><\/p>\n\n\n\n<p><strong><a rel=\"noreferrer noopener\" href=\"https:\/\/www.aaroiemac.it\/notizie\/?p=36738\" target=\"_blank\">Intersindacale &#8211; LEGGE DI BILANCIO. Le risorse stanziate per la sanit\u00e0 sono troppo poche<\/a><\/strong><\/p>\n\n\n\n<p><strong><a rel=\"noreferrer noopener\" href=\"https:\/\/www.aaroiemac.it\/notizie\/?p=36687\" target=\"_blank\">Intersindacale &#8211; Legge di Bilancio: risposte inadeguate alle esigenze del SSN e poche risorse per il personale sanitario<\/a><\/strong><\/p>\n","protected":false},"excerpt":{"rendered":"<p>Il comunicato stampa dell&#8217;Intersindacale della Dirigienza Medica, Veterinaria e Sanitaria per cheidere al Governo quale posizione  intende assumere sull&#8217;indennit\u00e0 di specificit\u00e0 dei professionisti sanitari con una premessa sulla posizione AAROI-EMAC rispetto alla Manovra.<\/p>\n","protected":false},"author":35358,"featured_media":36835,"comment_status":"closed","ping_status":"closed","sticky":false,"template":"","format":"standard","meta":{"_links_to":"","_links_to_target":""},"categories":[644,68,51],"tags":[],"_links":{"self":[{"href":"https:\/\/www.aaroiemac.it\/notizie\/index.php?rest_route=\/wp\/v2\/posts\/36834"}],"collection":[{"href":"https:\/\/www.aaroiemac.it\/notizie\/index.php?rest_route=\/wp\/v2\/posts"}],"about":[{"href":"https:\/\/www.aaroiemac.it\/notizie\/index.php?rest_route=\/wp\/v2\/types\/post"}],"author":[{"embeddable":true,"href":"https:\/\/www.aaroiemac.it\/notizie\/index.php?rest_route=\/wp\/v2\/users\/35358"}],"replies":[{"embeddable":true,"href":"https:\/\/www.aaroiemac.it\/notizie\/index.php?rest_route=%2Fwp%2Fv2%2Fcomments&post=36834"}],"version-history":[{"count":3,"href":"https:\/\/www.aaroiemac.it\/notizie\/index.php?rest_route=\/wp\/v2\/posts\/36834\/revisions"}],"predecessor-version":[{"id":36884,"href":"https:\/\/www.aaroiemac.it\/notizie\/index.php?rest_route=\/wp\/v2\/posts\/36834\/revisions\/36884"}],"wp:featuredmedia":[{"embeddable":true,"href":"https:\/\/www.aaroiemac.it\/notizie\/index.php?rest_route=\/wp\/v2\/media\/36835"}],"wp:attachment":[{"href":"https:\/\/www.aaroiemac.it\/notizie\/index.php?rest_route=%2Fwp%2Fv2%2Fmedia&parent=36834"}],"wp:term":[{"taxonomy":"category","embeddable":true,"href":"https:\/\/www.aaroiemac.it\/notizie\/index.php?rest_route=%2Fwp%2Fv2%2Fcategories&post=36834"},{"taxonomy":"post_tag","embeddable":true,"href":"https:\/\/www.aaroiemac.it\/notizie\/index.php?rest_route=%2Fwp%2Fv2%2Ftags&post=36834"}],"curies":[{"name":"wp","href":"https:\/\/api.w.org\/{rel}","templated":true}]}}