{"id":37453,"date":"2025-01-14T14:26:34","date_gmt":"2025-01-14T13:26:34","guid":{"rendered":"https:\/\/www.aaroiemac.it\/notizie\/?p=37453"},"modified":"2025-01-17T12:01:39","modified_gmt":"2025-01-17T11:01:39","slug":"la-fnomceo-non-e-un-sindacato-i-task-shifting-istituzionali-mettono-a-rischio-il-ssn","status":"publish","type":"post","link":"https:\/\/www.aaroiemac.it\/notizie\/?p=37453","title":{"rendered":"La FNOMCEO non \u00e8 un Sindacato. I task shifting istituzionali mettono a rischio il SSN"},"content":{"rendered":"\n<p>\u201cLa commistione dei ruoli tra Ordini professionali e Sindacato \u00e8 molto confusiva e indebolisce le rispettive prerogative, perch\u00e9 inevitabilmente segue logiche di difesa delle corporazioni, invece degli interessi generali, delegittimando il ruolo di rappresentanza del mondo del lavoro e perch\u00e9 segue interessi di parte che troppo spesso esulano dalla difesa della salute dei cittadini\u201d.<\/p>\n\n\n\n<p>Lo dichiarano Alessandro Vergallo, Presidente Nazionale Aaroi-Emac, Roberta Di Turi, Coordinatrice Nazionale FASSID, Andrea Filippi, Segretario Nazionale Fp Cgil Medici e Dirigenti SSN e Roberto Bonfili, Coordinatore Nazionale Uil Fpl Medici, a commento dell\u2019annuncio del Presidente della Federazione Nazionale degli Ordini dei Medici, Filippo Anelli di farsi capofila di una vertenza tutta sindacale.<\/p>\n\n\n\n<p>\u201cLa FNOMCeO \u00e8 la Federazione Nazionale degli Ordini dei Medici Chirurghi e degli Odontoiatri che rappresenta l\u2019intera comunit\u00e0 medica italiana con un ruolo ben preciso che, tuttavia, il suo Presidente talvolta pare non aver ben chiaro, come da ultimo con alcune sue dichiarazioni sui media, a fronte delle quali il Ministro della Salute Prof. Orazio Schillaci non ha potuto far a meno di ricordare che la FNOMCeO non \u00e8 un sindacato e non dovrebbe agire come tale.<br>Sebbene si apprezzi l\u2019impegno del Presidente della FNOMCeO, Filippo Anelli, nel voler portare all\u2019attenzione dell\u2019agenda politica le criticit\u00e0 che affliggono la sanit\u00e0 italiana hanno sempre destato perplessit\u00e0 le sue incursioni in tematiche prettamente sindacali come non poche volte \u00e8 avvenuto in tema di contratto di lavoro (che peraltro annovera anche dirigenti sanitari che professionalmente afferiscono ad altre Federazioni Ordinistiche), mentre oggi si sono spinte ad avvisare che \u201csi va verso lo sciopero\u201d, entrando a gamba tesa su una prerogativa che con la rappresentanza ordinistica, tantomeno nazionale, nemmeno confina\u201d incalzano i Dirigenti sindacali.<\/p>\n\n\n\n<p>\u201cVa precisato che, nella peggiore delle prospettive aziendalistiche ed autoritarie, da anni i Governi hanno messo in campo politiche di disintermediazione del ruolo dei sindacati per avere mano libera sull&#8217;organizzazione dei servizi e del lavoro a danno dei professionisti.<br>In questa traiettoria rischia di inserirsi, questa continua invasione di campo dell\u2019Ordine che di fatto collude con la controparte, che, in uno schema di relazioni confuse e confusive, pu\u00f2 scegliersi l&#8217;interlocutore pi\u00f9 collaborativo\u201d precisano i Dirigenti sindacali.<\/p>\n\n\n\n<p>\u201cIl rispetto dei ruoli \u00e8 fondamentale per esercitare con forza e autorevolezza le prerogative sindacali necessarie per un confronto paritario con il Governo e con le Regioni. Per questo richiamiamo tutte le organizzazioni sindacali alla massima attenzione per non indebolirci, in un connubio che nella confusione dei ruoli mina l&#8217;autorevolezza di entrambe le parti.<br>In una fase di profonda crisi del SSN \u00e8 fondamentale avere chiarezza e autorevolezza sindacale sui temi che stanno caratterizzando le nostre diffuse assemblee: revisione dell\u2019organizzazione dei servizi sociosanitari per una presa in carico integrata delle persone, revisione della formazione dei professionisti con l\u2019introduzione del contratto formazione lavoro, migliori condizioni di lavoro per ridare attrattivit\u00e0 ai servizi pubblici e maggiore coinvolgimento dei cittadini nelle politiche sanitarie delle comunit\u00e0\u201d continuano i Dirigenti sindacali.<\/p>\n\n\n\n<p>\u201cNel frattempo stiamo chiedendo con forza l\u2019avvio delle trattative per il rinnovo di un contratto ormai scaduto e l\u2019equa distribuzione delle risorse per l\u2019indennit\u00e0 di specificit\u00e0 che a tutt\u2019oggi penalizzano i Dirigenti Sanitari, questioni urgenti e delicatissime per le quali abbiamo bisogno della massima autorevolezza e credibilit\u00e0. La situazione \u00e8 complessa, gli impegni sono tanti, non possiamo permetterci di annacquare il nostro lavoro nella confusione dei ruoli.<br>Ognuno si assuma i suoi compiti e le sue responsabilit\u00e0, senza commistione che confondono e indeboliscono i ruoli, per finalit\u00e0 che esulano dagli interessi dei lavoratori e dei cittadini.<br>Pertanto \u2013 concludono Aaroi-Emac, Fassid, Fp Cgil Medici e Dirigenti SSN e Uil Fpl Medici \u2013, pur ribadendo l\u2019apertura al dialogo, chiediamo al Presidente Anelli di rispettare i confini del suo ruolo, mantenendo l\u2019equilibrio e l\u2019imparzialit\u00e0 che il suo mandato richiede\u201d.<\/p>\n","protected":false},"excerpt":{"rendered":"<p>Le dichiarazioni di Alessandro Vergallo, Presidente Nazionale Aaroi-Emac, Roberta Di Turi, Coordinatrice Nazionale FASSID, Andrea Filippi, Segretario Nazionale Fp Cgil Medici e Dirigenti SSN e Roberto Bonfili, Coordinatore Nazionale Uil Fpl Medici, a commento dell\u2019annuncio del Presidente della Federazione Nazionale degli Ordini dei Medici, Filippo Anelli di farsi capofila di una vertenza sindacale.<\/p>\n","protected":false},"author":35358,"featured_media":37454,"comment_status":"closed","ping_status":"closed","sticky":false,"template":"","format":"standard","meta":{"_links_to":"","_links_to_target":""},"categories":[644,68],"tags":[],"_links":{"self":[{"href":"https:\/\/www.aaroiemac.it\/notizie\/index.php?rest_route=\/wp\/v2\/posts\/37453"}],"collection":[{"href":"https:\/\/www.aaroiemac.it\/notizie\/index.php?rest_route=\/wp\/v2\/posts"}],"about":[{"href":"https:\/\/www.aaroiemac.it\/notizie\/index.php?rest_route=\/wp\/v2\/types\/post"}],"author":[{"embeddable":true,"href":"https:\/\/www.aaroiemac.it\/notizie\/index.php?rest_route=\/wp\/v2\/users\/35358"}],"replies":[{"embeddable":true,"href":"https:\/\/www.aaroiemac.it\/notizie\/index.php?rest_route=%2Fwp%2Fv2%2Fcomments&post=37453"}],"version-history":[{"count":3,"href":"https:\/\/www.aaroiemac.it\/notizie\/index.php?rest_route=\/wp\/v2\/posts\/37453\/revisions"}],"predecessor-version":[{"id":37458,"href":"https:\/\/www.aaroiemac.it\/notizie\/index.php?rest_route=\/wp\/v2\/posts\/37453\/revisions\/37458"}],"wp:featuredmedia":[{"embeddable":true,"href":"https:\/\/www.aaroiemac.it\/notizie\/index.php?rest_route=\/wp\/v2\/media\/37454"}],"wp:attachment":[{"href":"https:\/\/www.aaroiemac.it\/notizie\/index.php?rest_route=%2Fwp%2Fv2%2Fmedia&parent=37453"}],"wp:term":[{"taxonomy":"category","embeddable":true,"href":"https:\/\/www.aaroiemac.it\/notizie\/index.php?rest_route=%2Fwp%2Fv2%2Fcategories&post=37453"},{"taxonomy":"post_tag","embeddable":true,"href":"https:\/\/www.aaroiemac.it\/notizie\/index.php?rest_route=%2Fwp%2Fv2%2Ftags&post=37453"}],"curies":[{"name":"wp","href":"https:\/\/api.w.org\/{rel}","templated":true}]}}