{"id":37701,"date":"2025-02-17T10:56:18","date_gmt":"2025-02-17T09:56:18","guid":{"rendered":"https:\/\/www.aaroiemac.it\/notizie\/?p=37701"},"modified":"2025-05-26T11:46:51","modified_gmt":"2025-05-26T09:46:51","slug":"comunicato-stampa-intersindacale-il-ssn-non-ha-bisogno-di-buone-intenzioni-ma-di-interventi-concreti-e-urgenti-per-valorizzare-i-professionisti-e-recuperare-efficienza","status":"publish","type":"post","link":"https:\/\/www.aaroiemac.it\/notizie\/?p=37701","title":{"rendered":"Il SSN non ha bisogno di buone intenzioni, ma di interventi concreti e urgenti per valorizzare i professionisti e recuperare efficienza"},"content":{"rendered":"\n<p>&#8220;Sulla necessit\u00e0 di risollevare le sorti del SSN il mondo politico \u00e8 prodigo di dichiarazioni e promesse, ma continua a tergiversare nell\u2019adozione delle iniziative necessarie per recuperare la sua attrattivit\u00e0 nei confronti del personale indispensabile ad assicurarne la sopravvivenza&#8221;. Lo dichiara l&#8217;intersindacale dei Dirigenti Medici, Veterinari e Sanitari, Aaroi-Emac, Fassid, Fp Cgil Medici e Dirigenti SSN, Fvm, Uil Fpl Medici e Veterinari.<\/p>\n\n\n\n<p>&#8220;Il triennio 2022\/2024 \u00e8 gi\u00e0 terminato senza contratto e ancora non si vede neanche traccia dell&#8217;atto d&#8217;indirizzo che occorre per avviarne le trattative.\u201d<\/p>\n\n\n\n<p>Sul versante economico sar\u00e0 senz\u2019altro complicato portare a termine la contrattazione con le scarse risorse economiche a disposizione, di gran lunga inferiori all\u2019inflazione di questi anni. Un\u2019inflazione che ad oggi ha gi\u00e0 eroso il doppio del valore del rinnovo. Non basteranno a colmare questa perdita del potere d\u2019acquisto degli stipendi neppure le esigue risorse extra-contrattuali previste dal futuro e remoto incremento stabilito dall\u2019ultima manovra finanziaria per l\u2019Indennit\u00e0 di Specificit\u00e0 Sanitaria, che \u00e8 disponibile a decorrere dal 2026 e solo per Medici e Veterinari, mentre per i Dirigenti Sanitari \u00e8 rimasto nella nebbia di generiche rassicurazioni fatteci dal Ministro della Salute Orazio Schillaci.<\/p>\n\n\n\n<p>Il Ministro della Salute aveva promesso immediati provvedimenti correttivi gi\u00e0 nella legge di bilancio ma questa \u00e8 stata approvata immodificata lasciando scoperti i&nbsp; dirigenti sanitari. Successivamente il Ministro aveva promesso un intervento correttivo per eliminare le discriminazioni rimaste nella legge di bilancio ma ancora non ci \u00e8 stata ancora data prova di una concreta iniziativa&#8221; prosegue l\u2019intersindacale.<\/p>\n\n\n\n<p>&#8220;Oggi serve compattezza e unit\u00e0 sindacale su tutti i fronti e su fatti concreti, per questo prosegue il nostro percorso di coinvolgimento e partecipazione attiva dei professionisti nei luoghi di lavoro alle assemblee intersindacali sulle tematiche&nbsp; indispensabili per rendere attrattivo il SSN pubblico, e quindi per migliorare la qualit\u00e0 delle cure e dei servizi offerti alla cittadinanza:&nbsp; finanziamento contrattuale ed extracontrattuale adeguato ed equo per tutti i Dirigenti del SSN, emanazione dell&#8217;atto d&#8217;indirizzo per il rinnovo contrattuale 2022\/2024 che sia coerente con la necessit\u00e0 di migliorare le condizioni di lavoro, a partire dalla conciliazione dei tempi di vita-lavoro e dalla valorizzazione della carriera dei professionisti, riforma della formazione specialistica attraverso l&#8217;introduzione&nbsp; del&nbsp; contratto formazione-lavoro&nbsp; per tutti i&nbsp; Dirigenti Medici, Veterinari, Psicologi, Biologi, Farmacisti, Chimici, Fisici e Dirigenti delle Professioni Sanitarie. Dopo il Piemonte, a marzo saremo in Liguria ed Emilia Romagna, per poi proseguire con la Campania&#8221; incalza l\u2019Intersindacale, che conclude: &#8221; Quelli citati sono obiettivi minimi, ma prioritari su cui \u00e8 necessario unire tutte le forze; dopo gli incontri avuti con il Ministro nei mesi scorsi, abbiamo chiesto un incontro con la Conferenza delle Regioni, perch\u00e9 serve un confronto serrato con Governo e Regioni, che non possono pi\u00f9 tergiversare e devono responsabilmente adoperarsi in queste direzioni per assicurare ai cittadini la tutela della salute che a queste istituzioni compete, per difendere il SSN pubblico partendo dalla valorizzazione dei suoi professionisti&#8221;.<\/p>\n","protected":false},"excerpt":{"rendered":"<p>&#8220;Sulla necessit\u00e0 di risollevare le sorti del SSN il mondo politico \u00e8 prodigo di dichiarazioni e promesse, ma continua a tergiversare nell\u2019adozione delle iniziative necessarie per recuperare la sua attrattivit\u00e0 nei confronti del personale indispensabile ad assicurarne la sopravvivenza&#8221;. Lo dichiara l&#8217;intersindacale dei Dirigenti Medici, Veterinari e Sanitari.<\/p>\n","protected":false},"author":35358,"featured_media":37702,"comment_status":"closed","ping_status":"closed","sticky":false,"template":"","format":"standard","meta":{"_links_to":"","_links_to_target":""},"categories":[644,68,51],"tags":[],"_links":{"self":[{"href":"https:\/\/www.aaroiemac.it\/notizie\/index.php?rest_route=\/wp\/v2\/posts\/37701"}],"collection":[{"href":"https:\/\/www.aaroiemac.it\/notizie\/index.php?rest_route=\/wp\/v2\/posts"}],"about":[{"href":"https:\/\/www.aaroiemac.it\/notizie\/index.php?rest_route=\/wp\/v2\/types\/post"}],"author":[{"embeddable":true,"href":"https:\/\/www.aaroiemac.it\/notizie\/index.php?rest_route=\/wp\/v2\/users\/35358"}],"replies":[{"embeddable":true,"href":"https:\/\/www.aaroiemac.it\/notizie\/index.php?rest_route=%2Fwp%2Fv2%2Fcomments&post=37701"}],"version-history":[{"count":3,"href":"https:\/\/www.aaroiemac.it\/notizie\/index.php?rest_route=\/wp\/v2\/posts\/37701\/revisions"}],"predecessor-version":[{"id":37705,"href":"https:\/\/www.aaroiemac.it\/notizie\/index.php?rest_route=\/wp\/v2\/posts\/37701\/revisions\/37705"}],"wp:featuredmedia":[{"embeddable":true,"href":"https:\/\/www.aaroiemac.it\/notizie\/index.php?rest_route=\/wp\/v2\/media\/37702"}],"wp:attachment":[{"href":"https:\/\/www.aaroiemac.it\/notizie\/index.php?rest_route=%2Fwp%2Fv2%2Fmedia&parent=37701"}],"wp:term":[{"taxonomy":"category","embeddable":true,"href":"https:\/\/www.aaroiemac.it\/notizie\/index.php?rest_route=%2Fwp%2Fv2%2Fcategories&post=37701"},{"taxonomy":"post_tag","embeddable":true,"href":"https:\/\/www.aaroiemac.it\/notizie\/index.php?rest_route=%2Fwp%2Fv2%2Ftags&post=37701"}],"curies":[{"name":"wp","href":"https:\/\/api.w.org\/{rel}","templated":true}]}}