{"id":38057,"date":"2025-04-30T15:41:25","date_gmt":"2025-04-30T13:41:25","guid":{"rendered":"https:\/\/www.aaroiemac.it\/notizie\/?p=38057"},"modified":"2025-04-30T15:46:19","modified_gmt":"2025-04-30T13:46:19","slug":"la-pensione-del-medico-webinar-il-19-maggio","status":"publish","type":"post","link":"https:\/\/www.aaroiemac.it\/notizie\/?p=38057","title":{"rendered":"La pensione del medico, webinar il 19 maggio"},"content":{"rendered":"\n<p>Appuntamento online il 19 Maggio 2025 dalle 18.00 alle 19.00 con il webinar &#8220;<em>La pensione del Medico &#8211; una guida pratica tra INPS, ENPAM e Fondi Pensionistici<\/em>&#8220;, organizzato da Azimut Capital Management.<\/p>\n\n\n\n<p>Nell&#8217;incontro si parler\u00e0 di:<br>&#8211; Previdenza obbligatoria (INPS ed ENPAM): caratteristiche e criticit\u00e0<br>&#8211; Le opportunit\u00e0 della Previdenza integrativa<br>&#8211; Esempi pratici<br>&#8211; Come costruire oggi un percorso previdenziale solido e su misura per il medico.<\/p>\n\n\n\n<p><a href=\"https:\/\/www.aaroiemac.it\/notizie\/wp-content\/uploads\/2025\/04\/DOC-20250430-WA0026..pdf\" target=\"_blank\" rel=\"noreferrer noopener\"><strong>LA LOCANDINA<\/strong><\/a><\/p>\n\n\n\n<div class=\"wp-block-file\"><object class=\"wp-block-file__embed\" data=\"https:\/\/www.aaroiemac.it\/notizie\/wp-content\/uploads\/2025\/04\/DOC-20250430-WA0026..pdf\" type=\"application\/pdf\" style=\"width:100%;height:600px\" aria-label=\"Incorporamento di ..\"><\/object><a id=\"wp-block-file--media-be4de2d4-14e3-48a9-bf18-5bf23b067e38\" href=\"https:\/\/www.aaroiemac.it\/notizie\/wp-content\/uploads\/2025\/04\/DOC-20250430-WA0026..pdf\">.<\/a><a href=\"https:\/\/www.aaroiemac.it\/notizie\/wp-content\/uploads\/2025\/04\/DOC-20250430-WA0026..pdf\" class=\"wp-block-file__button\" download aria-describedby=\"wp-block-file--media-be4de2d4-14e3-48a9-bf18-5bf23b067e38\">Download<\/a><\/div>\n\n\n\n<p>Il webinar \u00e8 gratuito previa registrazione al link:<br><a href=\"https:\/\/docs.google.com\/forms\/d\/e\/1FAIpQLSefcLFEayE7kjXwd_7M3Iuk5Bagn6aVDo9UcPp1wuVOJ9KkqA\/viewform?usp=send_form\" target=\"_blank\" rel=\"noreferrer noopener\"><strong>https:\/\/docs.google.com\/forms\/d\/e\/1FAIpQLSefcLFEayE7kjXwd_7M3Iuk5Bagn6aVDo9UcPp1wu<\/strong><\/a><strong><a href=\"https:\/\/docs.google.com\/forms\/d\/e\/1FAIpQLSefcLFEayE7kjXwd_7M3Iuk5Bagn6aVDo9UcPp1wuVOJ9KkqA\/viewform?usp=send_form\" target=\"_blank\" rel=\"noreferrer noopener\">VOJ9KkqA\/viewform?usp=send_form<\/a> <\/strong><\/p>\n\n\n\n<p>Al momento della registrazione \u00e8 necessario indicare nel campo Consulente la&nbsp;<strong>Dott.ssa Francesca Claps.<\/strong><\/p>\n\n\n\n<p>Si ricorda che dal mese di giugno 2023 \u00e8 attiva la&nbsp;<strong><a rel=\"noreferrer noopener\" href=\"https:\/\/www.aaroiemac.it\/notizie\/?p=32700\" target=\"_blank\">CONVENZIONE DI ADESIONE COLLETTIVA AL FONDO PENSIONE APERTO \u201cAZIMUT PREVIDENZA\u201c<\/a><\/strong>.<br><strong>Per informazioni contattare la Dott.ssa Francesca Claps, CONSULENTE FINANZIARIO E PREVIDENZIALE AZIMUT&nbsp;PUGLIA all\u2019indirizzo email:&nbsp;<a rel=\"noreferrer noopener\" href=\"mailto:Francesca.Claps@azimut.it\" target=\"_blank\">Francesca.Claps@azimut.it<\/a>&nbsp;o Mob.: 3385056382<\/strong><\/p>\n\n\n\n<p><strong>Per la certificazione di Iscrizione AAROI-EMAC necessaria per sottoscrivere la Convenzione scrivere alla email:<\/strong>&nbsp;<a href=\"mailto:aaroiemac@aaroieemac.it\" target=\"_blank\" rel=\"noreferrer noopener\"><strong>aaroiemac@aaroieemac.it<\/strong><\/a><\/p>\n","protected":false},"excerpt":{"rendered":"<p>Appuntamento online il 19 Maggio 2025 dalle 18.00 alle 19.00 con il webinar &#8220;La pensione del Medico &#8211; una guida pratica tra INPS, ENPAM e Fondi Pensionistici&#8221;, organizzato da Azimut Capital Management.<\/p>\n","protected":false},"author":35358,"featured_media":38061,"comment_status":"closed","ping_status":"closed","sticky":false,"template":"","format":"standard","meta":{"_links_to":"","_links_to_target":""},"categories":[75,645],"tags":[914,930,542],"_links":{"self":[{"href":"https:\/\/www.aaroiemac.it\/notizie\/index.php?rest_route=\/wp\/v2\/posts\/38057"}],"collection":[{"href":"https:\/\/www.aaroiemac.it\/notizie\/index.php?rest_route=\/wp\/v2\/posts"}],"about":[{"href":"https:\/\/www.aaroiemac.it\/notizie\/index.php?rest_route=\/wp\/v2\/types\/post"}],"author":[{"embeddable":true,"href":"https:\/\/www.aaroiemac.it\/notizie\/index.php?rest_route=\/wp\/v2\/users\/35358"}],"replies":[{"embeddable":true,"href":"https:\/\/www.aaroiemac.it\/notizie\/index.php?rest_route=%2Fwp%2Fv2%2Fcomments&post=38057"}],"version-history":[{"count":2,"href":"https:\/\/www.aaroiemac.it\/notizie\/index.php?rest_route=\/wp\/v2\/posts\/38057\/revisions"}],"predecessor-version":[{"id":38064,"href":"https:\/\/www.aaroiemac.it\/notizie\/index.php?rest_route=\/wp\/v2\/posts\/38057\/revisions\/38064"}],"wp:featuredmedia":[{"embeddable":true,"href":"https:\/\/www.aaroiemac.it\/notizie\/index.php?rest_route=\/wp\/v2\/media\/38061"}],"wp:attachment":[{"href":"https:\/\/www.aaroiemac.it\/notizie\/index.php?rest_route=%2Fwp%2Fv2%2Fmedia&parent=38057"}],"wp:term":[{"taxonomy":"category","embeddable":true,"href":"https:\/\/www.aaroiemac.it\/notizie\/index.php?rest_route=%2Fwp%2Fv2%2Fcategories&post=38057"},{"taxonomy":"post_tag","embeddable":true,"href":"https:\/\/www.aaroiemac.it\/notizie\/index.php?rest_route=%2Fwp%2Fv2%2Ftags&post=38057"}],"curies":[{"name":"wp","href":"https:\/\/api.w.org\/{rel}","templated":true}]}}