{"id":38659,"date":"2025-09-03T15:02:21","date_gmt":"2025-09-03T13:02:21","guid":{"rendered":"https:\/\/www.aaroiemac.it\/notizie\/?p=38659"},"modified":"2025-09-03T15:02:22","modified_gmt":"2025-09-03T13:02:22","slug":"clinicizzazione-ospedale-san-camillo-de-lellis-rieti","status":"publish","type":"post","link":"https:\/\/www.aaroiemac.it\/notizie\/?p=38659","title":{"rendered":"Clinicizzazione Ospedale San Camillo de Lellis &#8211; Rieti"},"content":{"rendered":"\n<p><strong>La riorganizzazione in corso<\/strong> presso l\u2019ospedale San Camillo de Lellis di Rieti, con l\u2019introduzione della <strong>\u201cclinicizzazione\u201d<\/strong> e il massiccio e selvaggio ingresso dell\u2019Universit\u00e0 nella gestione dei reparti, <strong>rappresenta un serio rischio di deriva gestionale<\/strong>.<\/p>\n\n\n\n<p>Si promettono innovazione e nuovi giovani medici, in realt\u00e0 questo modello, cos\u00ec come viene introdotto, rischia di mortificare la gi\u00e0 difficile condizione della Sanit\u00e0 Reatina, sostituendo dipendenti stabili e di esperienza gestionale comprovata, regolari vincitori di concorso pubblico, con figure universitarie o precarie nominate dai Rettori.<\/p>\n\n\n\n<p>La conseguenza di un\u2019organizzazione cos\u00ec imposta \u00e8 una inevitabile fonte di conflitti tra professionisti, scarsa attrattivit\u00e0 di carriera per la dirigenza medica appartenente al SSN e conseguente incremento della solita mobilit\u00e0 romano-centrica sia del personale che dell\u2019utenza.<\/p>\n\n\n\n<p><strong>L\u2019Atto Aziendale di Rieti \u00e8 palesemente in contraddizione con la normativa vigente (517\/99)<\/strong>. La trasformazione di intere Unit\u00e0 Operative Complesse con l\u2019introduzione della direzione Universitaria, aggraver\u00e0 peraltro le note carenze strutturali e sar\u00e0 causa di ulteriori inefficienze finanziarie, con un inevitabile aumento dei costi che peseranno sui gi\u00e0 deficitari bilanci aziendali.<\/p>\n\n\n\n<p>Senza <strong>un vero confronto<\/strong> con tutti i portatori d\u2019interesse che possano esprimere <strong>le reali esigenze del territorio<\/strong>, si rischia di creare servizi inefficaci ed <strong>\u201capicalit\u00e0\u201d inefficienti<\/strong>, inutili all\u2019Azienda se non selezionate attraverso concorsi pubblici, figli di una corretta programmazione che sappia rispettare gli equilibri contrattuali ed evitare disparit\u00e0 ingiustificate.<\/p>\n\n\n\n<p><strong>Chiediamo alla Regione Lazio risposte chiare:<\/strong> la clinicizzazione \u00e8 una strategia organica e programmata? Come si tuteleranno le professionalit\u00e0 interne? Quali garanzie di trasparenza e regolarit\u00e0 saranno assicurate?<\/p>\n\n\n\n<p>Non rifiutiamo il contributo universitario, ma esigiamo trasparenza, rispetto delle regole e un percorso condiviso.<\/p>\n\n\n\n<p>Solo cos\u00ec la Sanit\u00e0 Reatina potr\u00e0 realmente migliorare, evitando uno svuotamento di competenze e una gestione approssimativa dei servizi.<\/p>\n\n\n\n<p><strong><em>E\u2019 anche chiaro che in assenza di risposte, le nostre Organizzazioni Sindacali non saranno un semplice spettatore pagante.<\/em><\/strong><\/p>\n\n\n\n<p><em>Firmato<br>AAROI EMAC Lazio<br>ANAAO Assomed Lazio<br>FP CGIL Medici e Dirigenti SSN<br>Federazione CIMO FESMED (ANPO-ASCOTI, CIMO, CIMOP, FESMED)<br>Federazione CISL Medici Lazio<br>FASSID (AIP AC-SIMET-SNR-SINAFO-AUPI)<br>FVM Federazione Veterinari e Medici<br>Coordinamento regionale UIL-FPL Medici, Veterinari, Dirigenti Sanitari<\/em><\/p>\n","protected":false},"excerpt":{"rendered":"<p>Il Comunicato Stampa dell&#8217;Intersindacale Lazio sulla riorganizzazione in corso presso l\u2019ospedale San Camillo de Lellis di Rieti, con l\u2019introduzione della \u201cclinicizzazione\u201d e il massiccio e selvaggio ingresso dell\u2019Universit\u00e0 nella gestione dei reparti.<\/p>\n","protected":false},"author":35358,"featured_media":38660,"comment_status":"closed","ping_status":"closed","sticky":false,"template":"","format":"standard","meta":{"_links_to":"","_links_to_target":""},"categories":[646,36],"tags":[],"_links":{"self":[{"href":"https:\/\/www.aaroiemac.it\/notizie\/index.php?rest_route=\/wp\/v2\/posts\/38659"}],"collection":[{"href":"https:\/\/www.aaroiemac.it\/notizie\/index.php?rest_route=\/wp\/v2\/posts"}],"about":[{"href":"https:\/\/www.aaroiemac.it\/notizie\/index.php?rest_route=\/wp\/v2\/types\/post"}],"author":[{"embeddable":true,"href":"https:\/\/www.aaroiemac.it\/notizie\/index.php?rest_route=\/wp\/v2\/users\/35358"}],"replies":[{"embeddable":true,"href":"https:\/\/www.aaroiemac.it\/notizie\/index.php?rest_route=%2Fwp%2Fv2%2Fcomments&post=38659"}],"version-history":[{"count":1,"href":"https:\/\/www.aaroiemac.it\/notizie\/index.php?rest_route=\/wp\/v2\/posts\/38659\/revisions"}],"predecessor-version":[{"id":38661,"href":"https:\/\/www.aaroiemac.it\/notizie\/index.php?rest_route=\/wp\/v2\/posts\/38659\/revisions\/38661"}],"wp:featuredmedia":[{"embeddable":true,"href":"https:\/\/www.aaroiemac.it\/notizie\/index.php?rest_route=\/wp\/v2\/media\/38660"}],"wp:attachment":[{"href":"https:\/\/www.aaroiemac.it\/notizie\/index.php?rest_route=%2Fwp%2Fv2%2Fmedia&parent=38659"}],"wp:term":[{"taxonomy":"category","embeddable":true,"href":"https:\/\/www.aaroiemac.it\/notizie\/index.php?rest_route=%2Fwp%2Fv2%2Fcategories&post=38659"},{"taxonomy":"post_tag","embeddable":true,"href":"https:\/\/www.aaroiemac.it\/notizie\/index.php?rest_route=%2Fwp%2Fv2%2Ftags&post=38659"}],"curies":[{"name":"wp","href":"https:\/\/api.w.org\/{rel}","templated":true}]}}