{"id":39298,"date":"2026-02-13T07:06:00","date_gmt":"2026-02-13T06:06:00","guid":{"rendered":"https:\/\/www.aaroiemac.it\/notizie\/?p=39298"},"modified":"2026-02-24T15:48:46","modified_gmt":"2026-02-24T14:48:46","slug":"save-the-date-il-18-febbraio-2025-convegno-aaroi-emac","status":"publish","type":"post","link":"https:\/\/www.aaroiemac.it\/notizie\/?p=39298","title":{"rendered":"&#8220;Lavoro e Capitale Umano: le sfide per il futuro&#8221;. Il 18 Febbraio 2026, convegno AAROI-EMAC in streaming"},"content":{"rendered":"\n<p>Si terr\u00e0 il 18 febbraio 2026 dalle 15.00 alle 18.00, presso Palazzo Wedekind a Roma, il convegno organizzato dall&#8217;AAROI-EMAC dal titolo <em>\u201cLavoro e Capitale Umano: le sfide per il futuro\u201d<\/em>.<\/p>\n\n\n\n<p>L&#8217;evento vuole essere un momento di confronto sul ruolo imprescindibile del capitale umano e sulle trasformazioni che stanno ridefinendo il mondo del lavoro, a partire dall&#8217;ambito organizzativo fino all&#8217;impatto dell&#8217;innovazione tecnologica, con particolare attenzione al settore sanitario e al Servizio Sanitario Nazionale, in una prospettiva ampia e trasversale.<\/p>\n\n\n\n<p>Il convegno riunir\u00e0 Istituzioni, Esperti e rappresentanti di Organizzazioni Sindacali e Associazioni per analizzare criticit\u00e0 e opportunit\u00e0, con l&#8217;obiettivo di delineare strategie concrete per valorizzare le competenze e garantire qualit\u00e0, sicurezza e sostenibilit\u00e0 del mondo del lavoro.<\/p>\n\n\n\n<p>L&#8217;evento sar\u00e0 trasmesso in streaming sui canali <a rel=\"noreferrer noopener\" href=\"https:\/\/www.facebook.com\/AaroiEmac1\" target=\"_blank\"><strong>Facebook<\/strong><\/a> e <a rel=\"noreferrer noopener\" href=\"https:\/\/www.youtube.com\/channel\/UCF1eZB7Yj660XM6MLCFgh3g\" target=\"_blank\"><strong>Youtube<\/strong><\/a> AAROI-EMAC.<\/p>\n\n\n\n<p><strong><a href=\"https:\/\/www.aaroiemac.it\/notizie\/wp-content\/uploads\/2026\/02\/AAROI_Convegno2026_ProgrammaDEF.pdf\">IL PROGRAMMA<\/a><\/strong><\/p>\n\n\n\n<div class=\"wp-block-file\"><object class=\"wp-block-file__embed\" data=\"https:\/\/www.aaroiemac.it\/notizie\/wp-content\/uploads\/2026\/02\/AAROI_Convegno2026_ProgrammaDEF.pdf\" type=\"application\/pdf\" style=\"width:100%;height:600px\" aria-label=\"Incorporamento PDF\"><\/object><a href=\"https:\/\/www.aaroiemac.it\/notizie\/wp-content\/uploads\/2026\/02\/AAROI_Convegno2026_ProgrammaDEF.pdf\" class=\"wp-block-file__button\" download aria-describedby=\"wp-block-file--media-9703171b-1311-418b-b1ee-96378b851b3d\">Download<\/a><\/div>\n","protected":false},"excerpt":{"rendered":"<p>Si terr\u00e0 il 18 febbraio 2026 dalle 15.00 alle 18.00, presso Palazzo Wedekind a Roma, il convegno organizzato da AAROI-EMAC dal titolo \u201cLavoro e Capitale Umano: le sfide per il futuro\u201d. L&#8217;evento sar\u00e0 trasmesso in streaming sui canali Facebook e Youtube AAROI-EMAC.<\/p>\n","protected":false},"author":35358,"featured_media":39303,"comment_status":"closed","ping_status":"closed","sticky":false,"template":"","format":"standard","meta":{"_links_to":"","_links_to_target":""},"categories":[644,77],"tags":[],"_links":{"self":[{"href":"https:\/\/www.aaroiemac.it\/notizie\/index.php?rest_route=\/wp\/v2\/posts\/39298"}],"collection":[{"href":"https:\/\/www.aaroiemac.it\/notizie\/index.php?rest_route=\/wp\/v2\/posts"}],"about":[{"href":"https:\/\/www.aaroiemac.it\/notizie\/index.php?rest_route=\/wp\/v2\/types\/post"}],"author":[{"embeddable":true,"href":"https:\/\/www.aaroiemac.it\/notizie\/index.php?rest_route=\/wp\/v2\/users\/35358"}],"replies":[{"embeddable":true,"href":"https:\/\/www.aaroiemac.it\/notizie\/index.php?rest_route=%2Fwp%2Fv2%2Fcomments&post=39298"}],"version-history":[{"count":16,"href":"https:\/\/www.aaroiemac.it\/notizie\/index.php?rest_route=\/wp\/v2\/posts\/39298\/revisions"}],"predecessor-version":[{"id":39642,"href":"https:\/\/www.aaroiemac.it\/notizie\/index.php?rest_route=\/wp\/v2\/posts\/39298\/revisions\/39642"}],"wp:featuredmedia":[{"embeddable":true,"href":"https:\/\/www.aaroiemac.it\/notizie\/index.php?rest_route=\/wp\/v2\/media\/39303"}],"wp:attachment":[{"href":"https:\/\/www.aaroiemac.it\/notizie\/index.php?rest_route=%2Fwp%2Fv2%2Fmedia&parent=39298"}],"wp:term":[{"taxonomy":"category","embeddable":true,"href":"https:\/\/www.aaroiemac.it\/notizie\/index.php?rest_route=%2Fwp%2Fv2%2Fcategories&post=39298"},{"taxonomy":"post_tag","embeddable":true,"href":"https:\/\/www.aaroiemac.it\/notizie\/index.php?rest_route=%2Fwp%2Fv2%2Ftags&post=39298"}],"curies":[{"name":"wp","href":"https:\/\/api.w.org\/{rel}","templated":true}]}}