{"id":8317,"date":"2015-01-31T22:00:00","date_gmt":"2015-01-31T21:00:00","guid":{"rendered":"https:\/\/aaroiemac.cloud\/notizie\/?page_id=8317"},"modified":"2020-07-14T14:47:58","modified_gmt":"2020-07-14T12:47:58","slug":"comunicati-stampa-2015","status":"publish","type":"post","link":"https:\/\/www.aaroiemac.it\/notizie\/?p=8317","title":{"rendered":"Comunicati Stampa 2015"},"content":{"rendered":"<h4 class=\"text-primary\">&nbsp;<img loading=\"lazy\" src=\"https:\/\/www.aaroiemac.it\/notizie\/uploads\/SalaStampa\/Foto\/RassegnaStampa8.jpg\" alt=\"\" width=\"400\" height=\"233\"><\/h4>\n<p><em>24 Novembre 2015<strong><br \/>\n<\/strong><\/em><strong>Linee Guida SOI Chirurgia Cataratta 2015: nessun coinvolgimento degli Anestesisti Rianimatori<\/strong><em><strong><br \/>\n<\/strong><\/em>Il documento emesso dalla SOI (Societ\u00e0 Oftalmologica Italiana) \u201cLinee Guida Clinico Organizzative sulla Chirurgia della Cataratta &#8211; Approvate il 25 ottobre 2014 &#8211; Primo Aggiornamento novembre 2015\u201d, \u00e8 stato prodotto, cos\u00ec come il documento di prima edizione, senza il coinvolgimento di alcun Organismo rappresentativo degli Anestesisti Rianimatori Italiani<br \/>\n<em><a href=\"https:\/\/www.aaroiemac.it\/notizie\/uploads\/SalaStampa\/Comunicati%20Stampa\/2015\/11-Dicembre-2015-Linee%20Guida%20SOI.pdf\" target=\"_blank\" rel=\"noopener noreferrer\">Leggi il comunicato<\/a><\/em><\/p>\n<p><em>24 Novembre 2015&nbsp;<\/em><br \/>\n<strong>Lettera intervento su DDL Responsabilit\u00e0 Professionale<br \/>\n<\/strong>Gentile Direttore,<br \/>\nriteniamo di intervenire brevemente nel dibattito nato a proposito del DdL \u201cDisposizioni in materia di responsabilit\u00e0 professionale del personale sanitario\u201d, gi\u00e0 approvato dalla Commissione Affari Sociali, in questi giorni all\u2019iter parlamentare&#8230;<br \/>\n<em><a href=\"https:\/\/www.aaroiemac.it\/notizie\/uploads\/SalaStampa\/Comunicati%20Stampa\/2015\/24-Novembre-2015-Lettera%20intervento%20su%20DDL.pdf\" target=\"_blank\" rel=\"noopener noreferrer\">Leggi il comunicato<\/a><\/em><\/p>\n<p><em>23 Novembre 2015&nbsp;<\/em><br \/>\n<strong>Orari di lavoro europei = assunzioni e riorganizzazione, non caporalati<br \/>\n<\/strong>Ad oggi, si riscontrano solo timidi passi nell\u2019affrontare l\u00b4entrata in vigore della nuova normativa su orari di lavoro e riposi dei Medici. Le Istituzioni nazionali, di fatto, tacciono.&nbsp;Nel frattempo, dalla Regione Veneto giunge una Circolare (la n. 452105 del 06\/11) che invece si fa carico, oltre che di esaminare le criticit\u00e0 conseguenti all\u2019imminente applicazione della normativa, di affrontare&#8230;<br \/>\n<em><a href=\"https:\/\/www.aaroiemac.it\/notizie\/uploads\/SalaStampa\/Comunicati%20Stampa\/2015\/23-Novembre-2015-Orari%20di%20lavoro%20europei.pdf\" target=\"_blank\" rel=\"noopener noreferrer\">Leggi il comunicato<\/a><\/em><\/p>\n<p><em>17 Novembre 2015<\/em><br \/>\n<strong>La piattaforma di confronto AAROI-EMAC sull\u00b4applicazione della Normativa europea<br \/>\n<\/strong>Alla vigilia del secondo incontro dei Sindacati Medici con l\u00b4Aran, l\u00b4AAROI-EMAC mette sul tavolo la propria piattaforma di confronto sull\u00b4applicazione della normativa europea sugli orari di lavoro e riposi dei medici dipendenti pubblici, fissando alcuni punti inderogabili e inviando un\u00b4articolata disamina delle disposizioni che entreranno in vigore il prossimo 25 Novembre&#8230;<br \/>\n<em><a href=\"https:\/\/www.aaroiemac.it\/notizie\/uploads\/SalaStampa\/Comunicati%20Stampa\/2015\/17-Novembre-La%20piattaforma%20di%20confronto%20AAROI-EMAC.pdf\" target=\"_blank\" rel=\"noopener noreferrer\">Leggi il comunicato<\/a><\/em><\/p>\n<p><em>09 Novembre 2015<\/em><br \/>\n<strong>Orari di lavoro e riposi dei medici italiani: nulla cambia?&nbsp;<\/strong><strong>Si fa strada l\u2019ipotesi gattopardesca di deroghe stabilite per decreto<br \/>\n<\/strong>&#8220;Con l\u00b4avvicinarsi del 25 Novembre \u2013 afferma Alessandro Vergallo, Presidente Nazionale AAROI-EMAC \u2013, si assiste in queste ore alla pi\u00f9 completa anarchia delle idee pi\u00f9 disparate, nella miglior tradizione del Bel Paese, sulla modalit\u00e0 con cui sia possibile aggirare la normativa europea sugli orari di lavoro e sui riposi dei medici italiani&#8230;<br \/>\n<em><a href=\"https:\/\/www.aaroiemac.it\/notizie\/uploads\/SalaStampa\/Comunicati%20Stampa\/2015\/09-Novembre-2015-Orari%20di%20lavoro%20e%20riposi%20dei%20medici%20italiani.pdf\" target=\"_blank\" rel=\"noopener noreferrer\">Leggi il comunicato<\/a><\/em><\/p>\n<p><em><br \/>\n04 Novembre 2015<br \/>\n<\/em><strong>Normativa europea orario di lavoro: NO a contrattazioni decentrate<br \/>\n<\/strong>ANAAO ASSOMED, CIMO, AAROI-EMAC, FESMED, CGIL Medici, CISL Medici, UIL Medici, FASSID, hanno inviato formale diffida alle Regioni, alle Province Autonome e agli Enti del SSN ad emanare regolamentazioni difformi rispetto alla normativa europea sull\u00b4orario di lavoro e sui riposi dei dirigenti medici, ricordando che non possono intervenire a tal fine nemmeno contrattazioni sindacali decentrate regionali o&#8230;<br \/>\n<em><a href=\"https:\/\/www.aaroiemac.it\/notizie\/uploads\/SalaStampa\/Comunicati%20Stampa\/2015\/04-Novembre-2015-Normativa%20europea%20orario%20di%20lavoro.pdf\" target=\"_blank\" rel=\"noopener noreferrer\">Leggi il comunicato<\/a><\/em><\/p>\n<p><em>2 Novembre 2015<\/em><br \/>\n<strong>Lettera al Corriere della Sera in riferimento all\u00b4articolo del Prof. Giuseppe Remuzzi dal titolo &#8220;Ma i diritti dei pazienti?&#8221; pubblicato in data 1 Novembre 2015<br \/>\n<\/strong>Nell\u00b4articolo del Prof. Remuzzi vi sono alcuni concetti condivisibili, e altri molto meno. All\u2019Autore va ricordato che certo &#8220;volontariato&#8221; di presenza in certi reparti ospedalieri (in termini attuali: unit\u00e0 operative) nasconde, in certi casi, motivazioni legate a libere scelte personali, che poco hanno a che fare con le reali esigenze assistenziali o comunque legate ai carichi di lavoro di certe UO&#8230;<br \/>\n<em><a href=\"https:\/\/www.aaroiemac.it\/notizie\/uploads\/SalaStampa\/Comunicati%20Stampa\/2015\/01-Novembre-2015-Lettera%20al%20corriere%20della%20sera.pdf\" target=\"_blank\" rel=\"noopener noreferrer\">Leggi il comunicato<\/a><\/em><\/p>\n<p><em>21 Ottobre 2015<\/em><br \/>\n<strong>Stati Generali della Professione Medica e Odontoiatrica.&nbsp;<\/strong><strong>L\u2019intervento di Alessandro Vergallo, Presidente AAROI-EMAC<br \/>\n<\/strong>E\u2019 oggi un appuntamento importante per tutti i Medici, di qualunque categoria \u2013 convenzionati, dipendenti, liberi professionisti \u2013 finalmente riuniti sotto l\u2019egida professionale comune della FNOMCeO, che si \u00e8 resa promotrice di un evento non solo di protesta, ma anche e soprattutto di proposte concrete e collaborative verso l\u2019obiettivo comune di ripensare in modo costruttivo e regolato il SSN, a garanzia di un\u00b4offerta di salute&#8230;<br \/>\n<em><a href=\"https:\/\/www.aaroiemac.it\/notizie\/uploads\/SalaStampa\/Comunicati%20Stampa\/2015\/21-Ottobre-2015-Stati%20generali%20della%20professione%20medica.pdf\" target=\"_blank\" rel=\"noopener noreferrer\">Leggi il comunicato<\/a><\/em><\/p>\n<p><em>26 Giugno 2016<\/em><br \/>\n<strong>Per i Medici Ospedalieri serve un Contratto di categoria, non &#8220;contratti atipici&#8221;<br \/>\n<\/strong>La &#8220;illegittimit\u00e0 costituzionale sopravvenuta&#8221; attribuita dalla Consulta al blocco dei contratti della PA in vigore dal 2010 suona come l\u2019ennesima acrobazia con la quale la logica del diritto viene spazzata via dalla ragion di cassa.&nbsp;Con la sentenza in questione, prendiamo atto, sconsolati, che pu\u00f2 esistere una demarcazione temporale&#8230;<br \/>\n<em><a href=\"https:\/\/www.aaroiemac.it\/notizie\/uploads\/SalaStampa\/Comunicati%20Stampa\/2015\/26-Giugno-2015-Per%20i%20medici%20Ospedalieri%20serve%20un%20contratto%20di%20categoria.pdf\" target=\"_blank\" rel=\"noopener noreferrer\">Leggi il comunicato<\/a><\/em><\/p>\n<p><em>23 Giugno 2015<\/em><br \/>\n<strong>Stop alla denominazione \u201cSedazione\u201d per l\u2019Anestesia Generale A rischio la salute dei Pazienti<br \/>\n<\/strong>Per salvaguardare la salute dei pazienti occorre chiarezza: le procedure operative mediche considerate \u201ca bassa complessit\u00e0\u201d e\/o \u201ca bassa invasivit\u00e0\u201d svolte in \u201cNORA\u201d (Non Operating Room), nelle quali sono chiamati a prestare la propria opera i medici specialisti in anestesia e rianimazione, prevedono un atto anestesiologico a tutti gli effetti che, in quanto tale, deve rispondere a tutti i requisiti di sicurezza previsti&#8230;<br \/>\n<em><a href=\"https:\/\/www.aaroiemac.it\/notizie\/uploads\/SalaStampa\/Comunicati%20Stampa\/2015\/23-Giugno-2015-Stop%20alla%20denominazaione%20sedazione.pdf\" target=\"_blank\" rel=\"noopener noreferrer\">Leggi il comunicato<\/a><\/em><\/p>\n<p><em>20 Agosto 2015<\/em><br \/>\n<strong>Rete Emergenza Giubileo: l\u2019Ares Lazio esclude gli Anestesisti Rianimatori<br \/>\n<\/strong>Gli Specialisti in Anestesia e Rianimazione, cio\u00e8 proprio coloro i quali, pi\u00f9 di qualunque altra figura specialistica, in tutti gli Ospedali del nostro SSN e anche nelle reti territoriali dell\u2019Emergenza-Urgenza, sono regolarmente chiamati in prima persona ad assistere i Pazienti nelle condizioni cliniche gravi pi\u00f9 disparate, sono stati esclusi dal Bando di assunzione dei Dirigenti Medici per il sistema di&#8230;<br \/>\n<em><a href=\"https:\/\/www.aaroiemac.it\/notizie\/uploads\/SalaStampa\/Comunicati%20Stampa\/2015\/20-Agosto-2015-Rete%20emergenza%20Giubileo.pdf\" target=\"_blank\" rel=\"noopener noreferrer\">Leggi il comunicato<\/a><\/em><\/p>\n<p><em>04 Agosto 2015<\/em><br \/>\n<strong>D.L. &#8220;Enti Locali&#8221; e Manovra Sanit\u00e0: ancora punizioni sui medici<br \/>\n<\/strong>Ieri 3 agosto, \u00e8 stata diffusa la notizia sulla convocazione da parte del Ministro della Salute Lorenzin di tutti i Sindacati della sanit\u00e0 e dell\u00b4Ordine dei medici per affrontare il tema dei tagli che dovranno essere realizzati per combattere l\u00b4inappropriatezza delle prestazioni.&nbsp;In effetti, le OOSS dei medici dipendenti e convenzionati, oltre che la FNOMCeO, erano state&#8230;<br \/>\n<em><a href=\"https:\/\/www.aaroiemac.it\/notizie\/uploads\/SalaStampa\/Comunicati%20Stampa\/2015\/04-Agosto-2015-D.L.%20ancora%20punizioni%20sui%20medici.pdf\" target=\"_blank\" rel=\"noopener noreferrer\">Leggi il comunicato<\/a><\/em><\/p>\n<p>27 Febbraio 2015<br \/>\n<strong>Temi di etica medica: occorrono equilibrio e correttezza, non clamori!<br \/>\n<\/strong>Gentile Direttore,<br \/>\nancora una volta, su un tema di estrema delicatezza come quello legato alle decisioni cliniche su pazienti in condizioni critiche, si preferisce suscitare scalpore invece che instaurare un sereno dibattito, utilizzando come metodo un\u2019inaccettabile confusione dei termini, e, ancor peggio, come approccio, declamando&#8230;<br \/>\n<em><a href=\"https:\/\/www.aaroiemac.it\/notizie\/uploads\/SalaStampa\/Comunicati%20Stampa\/2015\/27-Febbraio-2015-Temi%20di%20etica%20medica.pdf\" target=\"_blank\" rel=\"noopener noreferrer\">Leggi il comunicato<\/a><\/em><\/p>\n","protected":false},"excerpt":{"rendered":"<p>&nbsp; 24 Novembre 2015 Linee Guida SOI Chirurgia Cataratta 2015: nessun coinvolgimento degli Anestesisti Rianimatori Il documento emesso dalla SOI (Societ\u00e0 Oftalmologica Italiana) \u201cLinee Guida Clinico Organizzative sulla Chirurgia della Cataratta &#8211; Approvate il 25 ottobre 2014 &#8211; Primo Aggiornamento novembre 2015\u201d, \u00e8 stato prodotto, cos\u00ec come il documento di prima edizione, senza il coinvolgimento [&hellip;]<\/p>\n","protected":false},"author":39501,"featured_media":17807,"comment_status":"closed","ping_status":"closed","sticky":false,"template":"","format":"standard","meta":{"_links_to":"","_links_to_target":""},"categories":[68],"tags":[],"_links":{"self":[{"href":"https:\/\/www.aaroiemac.it\/notizie\/index.php?rest_route=\/wp\/v2\/posts\/8317"}],"collection":[{"href":"https:\/\/www.aaroiemac.it\/notizie\/index.php?rest_route=\/wp\/v2\/posts"}],"about":[{"href":"https:\/\/www.aaroiemac.it\/notizie\/index.php?rest_route=\/wp\/v2\/types\/post"}],"author":[{"embeddable":true,"href":"https:\/\/www.aaroiemac.it\/notizie\/index.php?rest_route=\/wp\/v2\/users\/39501"}],"replies":[{"embeddable":true,"href":"https:\/\/www.aaroiemac.it\/notizie\/index.php?rest_route=%2Fwp%2Fv2%2Fcomments&post=8317"}],"version-history":[{"count":1,"href":"https:\/\/www.aaroiemac.it\/notizie\/index.php?rest_route=\/wp\/v2\/posts\/8317\/revisions"}],"predecessor-version":[{"id":17806,"href":"https:\/\/www.aaroiemac.it\/notizie\/index.php?rest_route=\/wp\/v2\/posts\/8317\/revisions\/17806"}],"wp:featuredmedia":[{"embeddable":true,"href":"https:\/\/www.aaroiemac.it\/notizie\/index.php?rest_route=\/wp\/v2\/media\/17807"}],"wp:attachment":[{"href":"https:\/\/www.aaroiemac.it\/notizie\/index.php?rest_route=%2Fwp%2Fv2%2Fmedia&parent=8317"}],"wp:term":[{"taxonomy":"category","embeddable":true,"href":"https:\/\/www.aaroiemac.it\/notizie\/index.php?rest_route=%2Fwp%2Fv2%2Fcategories&post=8317"},{"taxonomy":"post_tag","embeddable":true,"href":"https:\/\/www.aaroiemac.it\/notizie\/index.php?rest_route=%2Fwp%2Fv2%2Ftags&post=8317"}],"curies":[{"name":"wp","href":"https:\/\/api.w.org\/{rel}","templated":true}]}}